{"id":2028,"date":"2019-08-23T10:32:03","date_gmt":"2019-08-23T13:32:03","guid":{"rendered":"https:\/\/iesbolivar-cba.infd.edu.ar\/sitio\/?p=2028"},"modified":"2019-08-23T12:33:03","modified_gmt":"2019-08-23T15:33:03","slug":"estudiantes-en-lengua-y-quimica-asistencia-a-conferencia-sobre-autoridad-y-convivencia","status":"publish","type":"post","link":"https:\/\/iesbolivar-cba.infd.edu.ar\/sitio\/estudiantes-en-lengua-y-quimica-asistencia-a-conferencia-sobre-autoridad-y-convivencia\/","title":{"rendered":"Estudiantes de Lengua y Literatura y Qu\u00edmica asisten a conferencia sobre autoridad y convivencia"},"content":{"rendered":"<p>El pasado jueves 15 de agosto estudiantes de segundo a\u00f1o de los profesorados de Lengua y Literatura (turno noche) y de Qu\u00edmica asistieron al lanzamiento de \u201cBuentrato para ense\u00f1ar y aprender\u201d, un material pedag\u00f3gico destinados a docentes de educaci\u00f3n inicial, primaria y secundaria, y elaborado por el Instituto de Capacitaci\u00f3n e Investigaci\u00f3n de los Educadores de C\u00f3rdoba de la UEPC. En la ocasi\u00f3n tambi\u00e9n pudieron asistir a la conferencia dictada por el Especialista en gesti\u00f3n y coordinaci\u00f3n del sistema educativo Gabriel Brener, titulada \u201cAutoridad y Convivencia. De la Imposici\u00f3n a la Construcci\u00f3n\u201d.<\/p>\n<p><img decoding=\"async\" loading=\"lazy\" class=\"alignnone size-full wp-image-2029\" src=\"https:\/\/iesbolivar-cba.infd.edu.ar\/sitio\/wp-content\/uploads\/2019\/08\/WhatsApp-Image-2019-08-21-at-1.45.55-PM-1.jpeg\" alt=\"\" width=\"700\" height=\"350\" \/><\/p>\n","protected":false},"excerpt":{"rendered":"<p>El pasado jueves 15 de agosto estudiantes de segundo a\u00f1o de los profesorados de Lengua y Literatura (turno noche) y de Qu\u00edmica asistieron al lanzamiento de \u201cBuentrato para ense\u00f1ar y aprender\u201d, un material pedag\u00f3gico destinados a docentes de educaci\u00f3n inicial, primaria y secundaria, y elaborado por el Instituto de Capacitaci\u00f3n e Investigaci\u00f3n de los Educadores &#8230; <a title=\"Estudiantes de Lengua y Literatura y Qu\u00edmica asisten a conferencia sobre autoridad y convivencia\" class=\"read-more\" href=\"https:\/\/iesbolivar-cba.infd.edu.ar\/sitio\/estudiantes-en-lengua-y-quimica-asistencia-a-conferencia-sobre-autoridad-y-convivencia\/\" aria-label=\"More on Estudiantes de Lengua y Literatura y Qu\u00edmica asisten a conferencia sobre autoridad y convivencia\">[+]<\/a><\/p>\n","protected":false},"author":3377,"featured_media":0,"comment_status":"open","ping_status":"open","sticky":false,"template":"","format":"standard","meta":[],"categories":[6],"tags":[],"acf":[],"_links":{"self":[{"href":"https:\/\/iesbolivar-cba.infd.edu.ar\/sitio\/wp-json\/wp\/v2\/posts\/2028"}],"collection":[{"href":"https:\/\/iesbolivar-cba.infd.edu.ar\/sitio\/wp-json\/wp\/v2\/posts"}],"about":[{"href":"https:\/\/iesbolivar-cba.infd.edu.ar\/sitio\/wp-json\/wp\/v2\/types\/post"}],"author":[{"embeddable":true,"href":"https:\/\/iesbolivar-cba.infd.edu.ar\/sitio\/wp-json\/wp\/v2\/users\/3377"}],"replies":[{"embeddable":true,"href":"https:\/\/iesbolivar-cba.infd.edu.ar\/sitio\/wp-json\/wp\/v2\/comments?post=2028"}],"version-history":[{"count":2,"href":"https:\/\/iesbolivar-cba.infd.edu.ar\/sitio\/wp-json\/wp\/v2\/posts\/2028\/revisions"}],"predecessor-version":[{"id":2037,"href":"https:\/\/iesbolivar-cba.infd.edu.ar\/sitio\/wp-json\/wp\/v2\/posts\/2028\/revisions\/2037"}],"wp:attachment":[{"href":"https:\/\/iesbolivar-cba.infd.edu.ar\/sitio\/wp-json\/wp\/v2\/media?parent=2028"}],"wp:term":[{"taxonomy":"category","embeddable":true,"href":"https:\/\/iesbolivar-cba.infd.edu.ar\/sitio\/wp-json\/wp\/v2\/categories?post=2028"},{"taxonomy":"post_tag","embeddable":true,"href":"https:\/\/iesbolivar-cba.infd.edu.ar\/sitio\/wp-json\/wp\/v2\/tags?post=2028"}],"curies":[{"name":"wp","href":"https:\/\/api.w.org\/{rel}","templated":true}]}}