{"id":2016,"date":"2019-08-23T10:26:51","date_gmt":"2019-08-23T13:26:51","guid":{"rendered":"https:\/\/iesbolivar-cba.infd.edu.ar\/sitio\/?p=2016"},"modified":"2019-08-23T10:28:16","modified_gmt":"2019-08-23T13:28:16","slug":"mirando-con-las-manos-mapas-para-ciegos-elaborados-por-estudiantes-de-geografia","status":"publish","type":"post","link":"https:\/\/iesbolivar-cba.infd.edu.ar\/sitio\/mirando-con-las-manos-mapas-para-ciegos-elaborados-por-estudiantes-de-geografia\/","title":{"rendered":"\u00abMirando con las manos\u00bb: mapas para ciegos elaborados por estudiantes de Geograf\u00eda"},"content":{"rendered":"<p>Estudiantes de cuarto a\u00f1o del profesorado de Geograf\u00eda produjeron e instalaron en el ingreso al Instituto mapas para ciegos como parte de un trabajo desarrollado en Pr\u00e1ctica Docente IV, a cargo de la Prof. N\u00e9lida Marino. La muestra tiene el objetivo de compartir el trabajo realizado y sensibilizar a la comunidad educativa sobre cuestiones vinculadas a la inclusi\u00f3n a partir de la did\u00e1ctica espec\u00edfica.<\/p>\n<p><img decoding=\"async\" loading=\"lazy\" class=\"CToWUd a6T\" tabindex=\"0\" src=\"https:\/\/ci3.googleusercontent.com\/proxy\/DxcKz9Ee9QSpapmpDyszlORVbBczjNhV2YF4xI4kp_Ke_X4bjJlbN7OYntgST9558Swp1e5SChMvqdTjLF7YnxLt4sBc5GSTX9gBeWii_dY4OtAXQAlZRWLISPkGmsIMBuTOXUfGXD5iVtPOtN05Zg=s0-d-e1-ft#https:\/\/iesbolivar-cba.infd.edu.ar\/aula\/archivos\/repositorio\/\/2250\/2338\/20190820_201000_2.jpg\" alt=\"\" width=\"700\" height=\"311\" border=\"0\" \/><\/p>\n","protected":false},"excerpt":{"rendered":"<p>Estudiantes de cuarto a\u00f1o del profesorado de Geograf\u00eda produjeron e instalaron en el ingreso al Instituto mapas para ciegos como parte de un trabajo desarrollado en Pr\u00e1ctica Docente IV, a cargo de la Prof. N\u00e9lida Marino. La muestra tiene el objetivo de compartir el trabajo realizado y sensibilizar a la comunidad educativa sobre cuestiones vinculadas &#8230; <a title=\"\u00abMirando con las manos\u00bb: mapas para ciegos elaborados por estudiantes de Geograf\u00eda\" class=\"read-more\" href=\"https:\/\/iesbolivar-cba.infd.edu.ar\/sitio\/mirando-con-las-manos-mapas-para-ciegos-elaborados-por-estudiantes-de-geografia\/\" aria-label=\"More on \u00abMirando con las manos\u00bb: mapas para ciegos elaborados por estudiantes de Geograf\u00eda\">[+]<\/a><\/p>\n","protected":false},"author":3377,"featured_media":0,"comment_status":"open","ping_status":"open","sticky":false,"template":"","format":"standard","meta":[],"categories":[6],"tags":[],"acf":[],"_links":{"self":[{"href":"https:\/\/iesbolivar-cba.infd.edu.ar\/sitio\/wp-json\/wp\/v2\/posts\/2016"}],"collection":[{"href":"https:\/\/iesbolivar-cba.infd.edu.ar\/sitio\/wp-json\/wp\/v2\/posts"}],"about":[{"href":"https:\/\/iesbolivar-cba.infd.edu.ar\/sitio\/wp-json\/wp\/v2\/types\/post"}],"author":[{"embeddable":true,"href":"https:\/\/iesbolivar-cba.infd.edu.ar\/sitio\/wp-json\/wp\/v2\/users\/3377"}],"replies":[{"embeddable":true,"href":"https:\/\/iesbolivar-cba.infd.edu.ar\/sitio\/wp-json\/wp\/v2\/comments?post=2016"}],"version-history":[{"count":1,"href":"https:\/\/iesbolivar-cba.infd.edu.ar\/sitio\/wp-json\/wp\/v2\/posts\/2016\/revisions"}],"predecessor-version":[{"id":2017,"href":"https:\/\/iesbolivar-cba.infd.edu.ar\/sitio\/wp-json\/wp\/v2\/posts\/2016\/revisions\/2017"}],"wp:attachment":[{"href":"https:\/\/iesbolivar-cba.infd.edu.ar\/sitio\/wp-json\/wp\/v2\/media?parent=2016"}],"wp:term":[{"taxonomy":"category","embeddable":true,"href":"https:\/\/iesbolivar-cba.infd.edu.ar\/sitio\/wp-json\/wp\/v2\/categories?post=2016"},{"taxonomy":"post_tag","embeddable":true,"href":"https:\/\/iesbolivar-cba.infd.edu.ar\/sitio\/wp-json\/wp\/v2\/tags?post=2016"}],"curies":[{"name":"wp","href":"https:\/\/api.w.org\/{rel}","templated":true}]}}