{"id":1998,"date":"2019-07-26T10:58:53","date_gmt":"2019-07-26T13:58:53","guid":{"rendered":"https:\/\/iesbolivar-cba.infd.edu.ar\/sitio\/?p=1998"},"modified":"2019-07-26T11:00:29","modified_gmt":"2019-07-26T14:00:29","slug":"curso-autoasistido-formatos-y-edicion-de-textos-academicos","status":"publish","type":"post","link":"https:\/\/iesbolivar-cba.infd.edu.ar\/sitio\/curso-autoasistido-formatos-y-edicion-de-textos-academicos\/","title":{"rendered":"Curso autoasistido \u00abFormatos y edici\u00f3n de textos acad\u00e9micos\u00bb"},"content":{"rendered":"<p>El IES Sim\u00f3n Bol\u00edvar pone a disposici\u00f3n de la comunidad educativa\u00a0un nuevo\u00a0curso\u00a0virtual\u00a0<wbr \/>autoasistido: \u00abFormatos de texto\u201d \u00ab,\u00a0destinado a la formaci\u00f3n docente y desarrollado y provisto por el INFoD.\u00a0El curso aborda recursos y herramientas que brindan los procesadores de texto para la elaboraci\u00f3n y formateo de textos acad\u00e9micos, aplicando las normas b\u00e1sicas de escritura y dise\u00f1o.<\/p>\n<p>La propuesta est\u00e1 dirigido a estudiantes, egresados y docentes. Fue elaborado por profesionales reconocidos en la tem\u00e1tica y formaron parte de las Especializaciones de TIC del INFoD.<\/p>\n<p>Los interesados en llevar a cabo el\u00a0curso\u00a0deben inscribirse\u00a0<a href=\"https:\/\/forms.gle\/y2e8pZtvDXt2wVX77\" target=\"_blank\" rel=\"noopener\" data-saferedirecturl=\"https:\/\/www.google.com\/url?q=https:\/\/forms.gle\/y2e8pZtvDXt2wVX77&amp;source=gmail&amp;ust=1564235706655000&amp;usg=AFQjCNFiyNvhmWyXCePJEgHGWnG-jbuVVw\">aqu\u00ed\u00a0<\/a>y ser\u00e1n habilitados en el aula virtual del\u00a0curso, alojada en la plataforma del Sim\u00f3n Bol\u00edvar, en las pr\u00f3ximas 72 horas.<\/p>\n<p><em>Estos\u00a0cursos\u00a0son gratuitos, no se certifican ni eval\u00faan.\u00a0Se basan en el aprendizaje y los recorridos autoguiados por los materiales y la realizaci\u00f3n aut\u00f3noma de las actividades.\u00a0Cada cursante estudia a su ritmo dentro del tiempo establecido y las actividades se corrigen autom\u00e1ticamente sin la intervenci\u00f3n de un tutor.\u00a0\u00a0<\/em><\/p>\n<p>Dudas y consultas, escribir a\u00a0<a href=\"https:\/\/iesbolivar-cba.infd.edu.ar\/aula\/mailto:comunicacion.iessb@gmail.com\" target=\"_blank\" rel=\"noopener\" data-saferedirecturl=\"https:\/\/www.google.com\/url?q=https:\/\/iesbolivar-cba.infd.edu.ar\/aula\/mailto:comunicacion.iessb@gmail.com&amp;source=gmail&amp;ust=1564235706655000&amp;usg=AFQjCNHXBjY_TYxd4hL4sXEYOoo1s6T2fA\">comunicacion.iessb@gmail.com<\/a><\/p>\n<p><img decoding=\"async\" loading=\"lazy\" class=\"CToWUd a6T\" tabindex=\"0\" src=\"https:\/\/ci3.googleusercontent.com\/proxy\/VGibrEHVxRG0_l1lkOKyI07itxF5-owD6-tbbcWRV5ONOvAsK6ksJUa1BwZMGgWJ-MqM_6q8z0CbK0wegONfhLEG_jbNAZgVzxvC1R3xvdUeIgt9aojQJdyeMNSS9rSAQLjIFXWxioCjHck3wCXhn-xN9D_BUafiFmBD8Hm9uC9_7gh8=s0-d-e1-ft#https:\/\/iesbolivar-cba.infd.edu.ar\/aula\/archivos\/repositorio\/\/2250\/2300\/portada-autoasistidos-formato-textosl.png\" alt=\"\" width=\"700\" height=\"350\" border=\"0\" \/><\/p>\n","protected":false},"excerpt":{"rendered":"<p>El IES Sim\u00f3n Bol\u00edvar pone a disposici\u00f3n de la comunidad educativa\u00a0un nuevo\u00a0curso\u00a0virtual\u00a0autoasistido: \u00abFormatos de texto\u201d \u00ab,\u00a0destinado a la formaci\u00f3n docente y desarrollado y provisto por el INFoD.\u00a0El curso aborda recursos y herramientas que brindan los procesadores de texto para la elaboraci\u00f3n y formateo de textos acad\u00e9micos, aplicando las normas b\u00e1sicas de escritura y dise\u00f1o. La &#8230; <a title=\"Curso autoasistido \u00abFormatos y edici\u00f3n de textos acad\u00e9micos\u00bb\" class=\"read-more\" href=\"https:\/\/iesbolivar-cba.infd.edu.ar\/sitio\/curso-autoasistido-formatos-y-edicion-de-textos-academicos\/\" aria-label=\"More on Curso autoasistido \u00abFormatos y edici\u00f3n de textos acad\u00e9micos\u00bb\">[+]<\/a><\/p>\n","protected":false},"author":3377,"featured_media":0,"comment_status":"open","ping_status":"open","sticky":false,"template":"","format":"standard","meta":[],"categories":[6],"tags":[],"acf":[],"_links":{"self":[{"href":"https:\/\/iesbolivar-cba.infd.edu.ar\/sitio\/wp-json\/wp\/v2\/posts\/1998"}],"collection":[{"href":"https:\/\/iesbolivar-cba.infd.edu.ar\/sitio\/wp-json\/wp\/v2\/posts"}],"about":[{"href":"https:\/\/iesbolivar-cba.infd.edu.ar\/sitio\/wp-json\/wp\/v2\/types\/post"}],"author":[{"embeddable":true,"href":"https:\/\/iesbolivar-cba.infd.edu.ar\/sitio\/wp-json\/wp\/v2\/users\/3377"}],"replies":[{"embeddable":true,"href":"https:\/\/iesbolivar-cba.infd.edu.ar\/sitio\/wp-json\/wp\/v2\/comments?post=1998"}],"version-history":[{"count":2,"href":"https:\/\/iesbolivar-cba.infd.edu.ar\/sitio\/wp-json\/wp\/v2\/posts\/1998\/revisions"}],"predecessor-version":[{"id":2002,"href":"https:\/\/iesbolivar-cba.infd.edu.ar\/sitio\/wp-json\/wp\/v2\/posts\/1998\/revisions\/2002"}],"wp:attachment":[{"href":"https:\/\/iesbolivar-cba.infd.edu.ar\/sitio\/wp-json\/wp\/v2\/media?parent=1998"}],"wp:term":[{"taxonomy":"category","embeddable":true,"href":"https:\/\/iesbolivar-cba.infd.edu.ar\/sitio\/wp-json\/wp\/v2\/categories?post=1998"},{"taxonomy":"post_tag","embeddable":true,"href":"https:\/\/iesbolivar-cba.infd.edu.ar\/sitio\/wp-json\/wp\/v2\/tags?post=1998"}],"curies":[{"name":"wp","href":"https:\/\/api.w.org\/{rel}","templated":true}]}}