{"id":1983,"date":"2019-07-24T13:34:10","date_gmt":"2019-07-24T16:34:10","guid":{"rendered":"https:\/\/iesbolivar-cba.infd.edu.ar\/sitio\/?p=1983"},"modified":"2019-07-24T13:34:10","modified_gmt":"2019-07-24T16:34:10","slug":"estudiantes-del-simon-bolivar-participaron-en-el-i-encuentro-provincial-de-educacion-sexual-integral-esi","status":"publish","type":"post","link":"https:\/\/iesbolivar-cba.infd.edu.ar\/sitio\/estudiantes-del-simon-bolivar-participaron-en-el-i-encuentro-provincial-de-educacion-sexual-integral-esi\/","title":{"rendered":"Estudiantes del Sim\u00f3n Bol\u00edvar participaron en el I Encuentro Provincial de Educaci\u00f3n Sexual Integral (ESI)"},"content":{"rendered":"<p>El pasado 13 de junio en las instalaciones de la Escuela Superior de Comercio Manuel Belgrano se desarroll\u00f3 el I Encuentro Provincial de Educaci\u00f3n Sexual Integral (ESI) en la modalidad J\u00f3venes y adultos, destinado a docentes, estudiantes y p\u00fablico en general. Nuestros estudiantes de los profesorados en Lengua y Literatura y del profesorado en Matem\u00e1ticas- acompa\u00f1ados por el Prof. Fernando Moyano- se hicieron presentes en el evento participando de las diversas mesas de trabajo y exposiciones o conferencias.<\/p>\n<p><img decoding=\"async\" loading=\"lazy\" class=\"alignnone size-full wp-image-1986\" src=\"https:\/\/iesbolivar-cba.infd.edu.ar\/sitio\/wp-content\/uploads\/2019\/07\/IMG-20190613-WA0095-1-1-1.jpg\" alt=\"\" width=\"700\" height=\"404\" \/><\/p>\n","protected":false},"excerpt":{"rendered":"<p>El pasado 13 de junio en las instalaciones de la Escuela Superior de Comercio Manuel Belgrano se desarroll\u00f3 el I Encuentro Provincial de Educaci\u00f3n Sexual Integral (ESI) en la modalidad J\u00f3venes y adultos, destinado a docentes, estudiantes y p\u00fablico en general. Nuestros estudiantes de los profesorados en Lengua y Literatura y del profesorado en Matem\u00e1ticas- &#8230; <a title=\"Estudiantes del Sim\u00f3n Bol\u00edvar participaron en el I Encuentro Provincial de Educaci\u00f3n Sexual Integral (ESI)\" class=\"read-more\" href=\"https:\/\/iesbolivar-cba.infd.edu.ar\/sitio\/estudiantes-del-simon-bolivar-participaron-en-el-i-encuentro-provincial-de-educacion-sexual-integral-esi\/\" aria-label=\"More on Estudiantes del Sim\u00f3n Bol\u00edvar participaron en el I Encuentro Provincial de Educaci\u00f3n Sexual Integral (ESI)\">[+]<\/a><\/p>\n","protected":false},"author":3377,"featured_media":0,"comment_status":"open","ping_status":"open","sticky":false,"template":"","format":"standard","meta":[],"categories":[6],"tags":[],"acf":[],"_links":{"self":[{"href":"https:\/\/iesbolivar-cba.infd.edu.ar\/sitio\/wp-json\/wp\/v2\/posts\/1983"}],"collection":[{"href":"https:\/\/iesbolivar-cba.infd.edu.ar\/sitio\/wp-json\/wp\/v2\/posts"}],"about":[{"href":"https:\/\/iesbolivar-cba.infd.edu.ar\/sitio\/wp-json\/wp\/v2\/types\/post"}],"author":[{"embeddable":true,"href":"https:\/\/iesbolivar-cba.infd.edu.ar\/sitio\/wp-json\/wp\/v2\/users\/3377"}],"replies":[{"embeddable":true,"href":"https:\/\/iesbolivar-cba.infd.edu.ar\/sitio\/wp-json\/wp\/v2\/comments?post=1983"}],"version-history":[{"count":1,"href":"https:\/\/iesbolivar-cba.infd.edu.ar\/sitio\/wp-json\/wp\/v2\/posts\/1983\/revisions"}],"predecessor-version":[{"id":1987,"href":"https:\/\/iesbolivar-cba.infd.edu.ar\/sitio\/wp-json\/wp\/v2\/posts\/1983\/revisions\/1987"}],"wp:attachment":[{"href":"https:\/\/iesbolivar-cba.infd.edu.ar\/sitio\/wp-json\/wp\/v2\/media?parent=1983"}],"wp:term":[{"taxonomy":"category","embeddable":true,"href":"https:\/\/iesbolivar-cba.infd.edu.ar\/sitio\/wp-json\/wp\/v2\/categories?post=1983"},{"taxonomy":"post_tag","embeddable":true,"href":"https:\/\/iesbolivar-cba.infd.edu.ar\/sitio\/wp-json\/wp\/v2\/tags?post=1983"}],"curies":[{"name":"wp","href":"https:\/\/api.w.org\/{rel}","templated":true}]}}