{"id":1978,"date":"2019-07-05T10:41:34","date_gmt":"2019-07-05T13:41:34","guid":{"rendered":"https:\/\/iesbolivar-cba.infd.edu.ar\/sitio\/?p=1978"},"modified":"2019-07-05T10:41:34","modified_gmt":"2019-07-05T13:41:34","slug":"imagenes-de-la-kermes-y-feria-del-libro-de-la-biblioteca-del-ies-simon-bolivar","status":"publish","type":"post","link":"https:\/\/iesbolivar-cba.infd.edu.ar\/sitio\/imagenes-de-la-kermes-y-feria-del-libro-de-la-biblioteca-del-ies-simon-bolivar\/","title":{"rendered":"Im\u00e1genes de la Kermes y Feria del Libro de la biblioteca del IES Sim\u00f3n Bol\u00edvar"},"content":{"rendered":"<p>El pasado mi\u00e9rcoles 3 de julio la Biblioteca Olga Pizarro de Videl del IES Sim\u00f3n Bol\u00edvar llev\u00f3 a cabo la Kermes y Feria del Libro 2019. Participaron docentes y estudiantes y la jornada se anim\u00f3 con actividades l\u00fadicas y literarias en torno a la escritura, la lectura y los libros.\u00a0<a title=\"https:\/\/www.youtube.com\/watch?v=HFoirNmiNPM&amp;amp;feature=youtu.be\" href=\"https:\/\/www.youtube.com\/watch?v=HFoirNmiNPM&amp;feature=youtu.be\" target=\"_blank\" rel=\"noopener\" data-saferedirecturl=\"https:\/\/www.google.com\/url?q=https:\/\/www.youtube.com\/watch?v%3DHFoirNmiNPM%26feature%3Dyoutu.be&amp;source=gmail&amp;ust=1562420177382000&amp;usg=AFQjCNHfDF_s2psCMWSWt-ZqkRDEdYDWNw\">Mir\u00e1 el video<\/a>.<\/p>\n<p><a title=\"https:\/\/www.youtube.com\/watch?v=HFoirNmiNPM&amp;amp;feature=youtu.be\" href=\"https:\/\/www.youtube.com\/watch?v=HFoirNmiNPM&amp;feature=youtu.be\" target=\"_blank\" rel=\"noopener\" data-saferedirecturl=\"https:\/\/www.google.com\/url?q=https:\/\/www.youtube.com\/watch?v%3DHFoirNmiNPM%26feature%3Dyoutu.be&amp;source=gmail&amp;ust=1562420177382000&amp;usg=AFQjCNHfDF_s2psCMWSWt-ZqkRDEdYDWNw\"><img decoding=\"async\" loading=\"lazy\" class=\"m_-1451567582518439118CToWUd CToWUd\" src=\"https:\/\/ci3.googleusercontent.com\/proxy\/lYHXKH6FZecUAfQYXGX9wzWLqgFgUxpj4-iZQXGWae6bhCHq60_KxFSRrcE3P7S1-Wx6r41ULyWy_-Wm7yyXd4pXBu-jSoUXCZIKziDtSsSsXg-fyJd4vEcb6pbr83Npw0WGmA=s0-d-e1-ft#https:\/\/iesbolivar-cba.infd.edu.ar\/aula\/archivos\/repositorio\/\/2250\/2293\/feria.png\" alt=\"\" width=\"700\" height=\"394\" border=\"0\" \/><\/a><\/p>\n","protected":false},"excerpt":{"rendered":"<p>El pasado mi\u00e9rcoles 3 de julio la Biblioteca Olga Pizarro de Videl del IES Sim\u00f3n Bol\u00edvar llev\u00f3 a cabo la Kermes y Feria del Libro 2019. Participaron docentes y estudiantes y la jornada se anim\u00f3 con actividades l\u00fadicas y literarias en torno a la escritura, la lectura y los libros.\u00a0Mir\u00e1 el video.<\/p>\n","protected":false},"author":3377,"featured_media":0,"comment_status":"open","ping_status":"open","sticky":false,"template":"","format":"standard","meta":[],"categories":[6],"tags":[],"acf":[],"_links":{"self":[{"href":"https:\/\/iesbolivar-cba.infd.edu.ar\/sitio\/wp-json\/wp\/v2\/posts\/1978"}],"collection":[{"href":"https:\/\/iesbolivar-cba.infd.edu.ar\/sitio\/wp-json\/wp\/v2\/posts"}],"about":[{"href":"https:\/\/iesbolivar-cba.infd.edu.ar\/sitio\/wp-json\/wp\/v2\/types\/post"}],"author":[{"embeddable":true,"href":"https:\/\/iesbolivar-cba.infd.edu.ar\/sitio\/wp-json\/wp\/v2\/users\/3377"}],"replies":[{"embeddable":true,"href":"https:\/\/iesbolivar-cba.infd.edu.ar\/sitio\/wp-json\/wp\/v2\/comments?post=1978"}],"version-history":[{"count":1,"href":"https:\/\/iesbolivar-cba.infd.edu.ar\/sitio\/wp-json\/wp\/v2\/posts\/1978\/revisions"}],"predecessor-version":[{"id":1979,"href":"https:\/\/iesbolivar-cba.infd.edu.ar\/sitio\/wp-json\/wp\/v2\/posts\/1978\/revisions\/1979"}],"wp:attachment":[{"href":"https:\/\/iesbolivar-cba.infd.edu.ar\/sitio\/wp-json\/wp\/v2\/media?parent=1978"}],"wp:term":[{"taxonomy":"category","embeddable":true,"href":"https:\/\/iesbolivar-cba.infd.edu.ar\/sitio\/wp-json\/wp\/v2\/categories?post=1978"},{"taxonomy":"post_tag","embeddable":true,"href":"https:\/\/iesbolivar-cba.infd.edu.ar\/sitio\/wp-json\/wp\/v2\/tags?post=1978"}],"curies":[{"name":"wp","href":"https:\/\/api.w.org\/{rel}","templated":true}]}}