{"id":1968,"date":"2019-07-03T14:32:11","date_gmt":"2019-07-03T17:32:11","guid":{"rendered":"https:\/\/iesbolivar-cba.infd.edu.ar\/sitio\/?p=1968"},"modified":"2019-07-03T14:48:44","modified_gmt":"2019-07-03T17:48:44","slug":"el-ies-simon-bolivar-co-organizo-la-jornada-escrituras-en-la-formacion-docente-experiencias-desafios-y-alternativas-en-practicas-y-residencias-desarrollada-el-pasado-28-de-junio-el-encuentro-s","status":"publish","type":"post","link":"https:\/\/iesbolivar-cba.infd.edu.ar\/sitio\/el-ies-simon-bolivar-co-organizo-la-jornada-escrituras-en-la-formacion-docente-experiencias-desafios-y-alternativas-en-practicas-y-residencias-desarrollada-el-pasado-28-de-junio-el-encuentro-s\/","title":{"rendered":"Escrituras en la formaci\u00f3n docente | El Sim\u00f3n Bol\u00edvar fue sede y co-organizador de una jornada de la Red de Pr\u00e1cticas y Residencias"},"content":{"rendered":"<p>El IES Sim\u00f3n Bol\u00edvar co-organiz\u00f3 la Jornada \u00abEscrituras en la Formaci\u00f3n Docente. Experiencias, desaf\u00edos y alternativas en pr\u00e1cticas y residencias\u00bb, desarrollada el pasado 28 de junio. El encuentro se enmarc\u00f3 en la Red de Pr\u00e1cticas y Residencias integrada por nuestro instituto, la c\u00e1tedra Seminario de Pr\u00e1cticas y Residencias (MOPE) de la Facultad de Filosof\u00eda y Humanidades de la UNC, otros IFD y la Universidad Provincial de C\u00f3rdoba. La actividad central cont\u00f3 con la presencia del Dr. Gustavo Bombini.<\/p>\n<p><img decoding=\"async\" loading=\"lazy\" src=\"https:\/\/iesbolivar-cba.infd.edu.ar\/aula\/archivos\/repositorio\/\/2250\/2283\/20190628_120502.jpg\" alt=\"\" width=\"700\" height=\"342\" border=\"0\" \/><\/p>\n","protected":false},"excerpt":{"rendered":"<p>El IES Sim\u00f3n Bol\u00edvar co-organiz\u00f3 la Jornada \u00abEscrituras en la Formaci\u00f3n Docente. Experiencias, desaf\u00edos y alternativas en pr\u00e1cticas y residencias\u00bb, desarrollada el pasado 28 de junio. El encuentro se enmarc\u00f3 en la Red de Pr\u00e1cticas y Residencias integrada por nuestro instituto, la c\u00e1tedra Seminario de Pr\u00e1cticas y Residencias (MOPE) de la Facultad de Filosof\u00eda y &#8230; <a title=\"Escrituras en la formaci\u00f3n docente | El Sim\u00f3n Bol\u00edvar fue sede y co-organizador de una jornada de la Red de Pr\u00e1cticas y Residencias\" class=\"read-more\" href=\"https:\/\/iesbolivar-cba.infd.edu.ar\/sitio\/el-ies-simon-bolivar-co-organizo-la-jornada-escrituras-en-la-formacion-docente-experiencias-desafios-y-alternativas-en-practicas-y-residencias-desarrollada-el-pasado-28-de-junio-el-encuentro-s\/\" aria-label=\"More on Escrituras en la formaci\u00f3n docente | El Sim\u00f3n Bol\u00edvar fue sede y co-organizador de una jornada de la Red de Pr\u00e1cticas y Residencias\">[+]<\/a><\/p>\n","protected":false},"author":3377,"featured_media":0,"comment_status":"open","ping_status":"open","sticky":false,"template":"","format":"standard","meta":[],"categories":[6],"tags":[],"acf":[],"_links":{"self":[{"href":"https:\/\/iesbolivar-cba.infd.edu.ar\/sitio\/wp-json\/wp\/v2\/posts\/1968"}],"collection":[{"href":"https:\/\/iesbolivar-cba.infd.edu.ar\/sitio\/wp-json\/wp\/v2\/posts"}],"about":[{"href":"https:\/\/iesbolivar-cba.infd.edu.ar\/sitio\/wp-json\/wp\/v2\/types\/post"}],"author":[{"embeddable":true,"href":"https:\/\/iesbolivar-cba.infd.edu.ar\/sitio\/wp-json\/wp\/v2\/users\/3377"}],"replies":[{"embeddable":true,"href":"https:\/\/iesbolivar-cba.infd.edu.ar\/sitio\/wp-json\/wp\/v2\/comments?post=1968"}],"version-history":[{"count":3,"href":"https:\/\/iesbolivar-cba.infd.edu.ar\/sitio\/wp-json\/wp\/v2\/posts\/1968\/revisions"}],"predecessor-version":[{"id":1973,"href":"https:\/\/iesbolivar-cba.infd.edu.ar\/sitio\/wp-json\/wp\/v2\/posts\/1968\/revisions\/1973"}],"wp:attachment":[{"href":"https:\/\/iesbolivar-cba.infd.edu.ar\/sitio\/wp-json\/wp\/v2\/media?parent=1968"}],"wp:term":[{"taxonomy":"category","embeddable":true,"href":"https:\/\/iesbolivar-cba.infd.edu.ar\/sitio\/wp-json\/wp\/v2\/categories?post=1968"},{"taxonomy":"post_tag","embeddable":true,"href":"https:\/\/iesbolivar-cba.infd.edu.ar\/sitio\/wp-json\/wp\/v2\/tags?post=1968"}],"curies":[{"name":"wp","href":"https:\/\/api.w.org\/{rel}","templated":true}]}}