{"id":1950,"date":"2019-07-01T19:42:17","date_gmt":"2019-07-01T22:42:17","guid":{"rendered":"https:\/\/iesbolivar-cba.infd.edu.ar\/sitio\/?p=1950"},"modified":"2019-07-01T19:42:17","modified_gmt":"2019-07-01T22:42:17","slug":"estudiantes-de-profesorados-de-quimica-y-biologia-intervinieron-en-una-actividad-de-la-fundacion-argentina-de-nanotecnologia-fan","status":"publish","type":"post","link":"https:\/\/iesbolivar-cba.infd.edu.ar\/sitio\/estudiantes-de-profesorados-de-quimica-y-biologia-intervinieron-en-una-actividad-de-la-fundacion-argentina-de-nanotecnologia-fan\/","title":{"rendered":"Estudiantes de Profesorados de Qu\u00edmica y Biolog\u00eda intervinieron en una actividad de la Fundaci\u00f3n Argentina de Nanotecnolog\u00eda (FAN)"},"content":{"rendered":"<p><span style=\"color: #999999;\"><em>Docentes comparten actividades y visitas educativas.<\/em><\/span><\/p>\n<p>El pasado jueves 27 de junio tuvo lugar \u201cNano por un d\u00eda\u201d, en las Instalaciones de la Facultad de Matem\u00e1ticas, Astronom\u00eda y F\u00edsica (FaMAF) de la U.N.C. La misma constituy\u00f3 una iniciativa de la Fundaci\u00f3n Argentina de Nanotecnolog\u00eda. Durante la jornada diferentes investigadores de la Universidad Nacional de C\u00f3rdoba y el CONICET abrieron las puertas de sus laboratorios para realizar experimentos de nanotecnolog\u00eda.<\/p>\n<p>Estudiantes de los espacios curriculares Qu\u00edmica celular (Profesorado de Qu\u00edmica) y Qu\u00edmica org\u00e1nica y biol\u00f3gica (Profesorado de Biolog\u00eda) de nuestro instituto acudieron a una presentaci\u00f3n sobre nanotecnolog\u00eda y, posteriormente, sintetizaron nanomateriales guiados por un grupo de investigadores.<\/p>\n<p><span style=\"color: #ff6600;\">Relato de los\/as estudiantes:<\/span><\/p>\n<p><em>\u201cEl desarrollo de la nanotecnolog\u00eda est\u00e1 revolucionando nuestra forma de percibir la realidad, volviendo posible lo imposible\u201d.<\/em><\/p>\n<p><em>\u201cLa nanotecnolog\u00eda es el futuro dentro del presente\u201d.<\/em><\/p>\n<p><em>\u201cEl desarrollo de la nanotecnolog\u00eda permite realizar grandes avances en el campo de las ciencias m\u00e9dicas, el tratamiento de enfermedades, etc. Como futuro docente, desde el conocimiento adquirido, buscar\u00eda realizar investigaciones con los y las estudiantes, despertando su inter\u00e9s y trabajando de una forma diferente dentro del aula\u201d.<\/em><\/p>\n<p><em>\u201cLa nanotecnolog\u00eda es una ciencia interdisciplinar. Nuestros futuros estudiantes deben conocerla, para entender muchos de los avances tecnol\u00f3gicos que se suceden actualmente a un ritmo acelerado\u201d.<\/em><\/p>\n<p><em>\u201cTodo lo aprendido nos sirve para, el d\u00eda de ma\u00f1ana, hacer conocer a nuestros estudiantes que existen muchas cosas nanosc\u00f3picas que repercuten totalmente en nuestra vida cotidiana\u201d.<\/em><\/p>\n<p><em>\u201cLa nanotecnolog\u00eda permite comprender las caracter\u00edsticas de dispositivos como los celulares, los hologramas, el diagn\u00f3stico de enfermedades como el c\u00e1ncer, qu\u00e9 son los biomarcadores, etc. Permite sin lugar a dudas una mejor calidad de vida\u201d.<\/em><\/p>\n<p><em><img decoding=\"async\" loading=\"lazy\" class=\"CToWUd a6T\" tabindex=\"0\" src=\"https:\/\/ci6.googleusercontent.com\/proxy\/K3p3QXsdT5QAvHHEaQVPzr1v8euDi3zHODqWzWV9Wcl_rXhJRJndlS8VzeFRrgLgpcDdLZOIbbqyzM3U7OEtLxrhK61lAH9gYA3cTIIBZU_jnAhGKKquggTGRzwApuKW2gqH0Xc=s0-d-e1-ft#https:\/\/iesbolivar-cba.infd.edu.ar\/aula\/archivos\/repositorio\/\/2250\/2275\/001_1.jpeg\" alt=\"\" width=\"700\" height=\"267\" border=\"0\" \/><\/em><\/p>\n<p><em><img decoding=\"async\" loading=\"lazy\" class=\"CToWUd a6T\" tabindex=\"0\" src=\"https:\/\/ci3.googleusercontent.com\/proxy\/HrXIJiSTdtukEC1E3xRoiCl6d1Dmr6AHSNgvvOrdxd1t1US4LoB0FWaqxd_JPkTyqHgBis9ju12LXQ7XHVP3FZYaDV4QN1QVOKf3rVYItPRhfaQMUc4G3fuiZqhZZNn2_SstxMo=s0-d-e1-ft#https:\/\/iesbolivar-cba.infd.edu.ar\/aula\/archivos\/repositorio\/\/2250\/2274\/002_1.jpeg\" alt=\"\" width=\"700\" height=\"637\" border=\"0\" \/><\/em><\/p>\n","protected":false},"excerpt":{"rendered":"<p>Docentes comparten actividades y visitas educativas. El pasado jueves 27 de junio tuvo lugar \u201cNano por un d\u00eda\u201d, en las Instalaciones de la Facultad de Matem\u00e1ticas, Astronom\u00eda y F\u00edsica (FaMAF) de la U.N.C. La misma constituy\u00f3 una iniciativa de la Fundaci\u00f3n Argentina de Nanotecnolog\u00eda. Durante la jornada diferentes investigadores de la Universidad Nacional de C\u00f3rdoba &#8230; <a title=\"Estudiantes de Profesorados de Qu\u00edmica y Biolog\u00eda intervinieron en una actividad de la Fundaci\u00f3n Argentina de Nanotecnolog\u00eda (FAN)\" class=\"read-more\" href=\"https:\/\/iesbolivar-cba.infd.edu.ar\/sitio\/estudiantes-de-profesorados-de-quimica-y-biologia-intervinieron-en-una-actividad-de-la-fundacion-argentina-de-nanotecnologia-fan\/\" aria-label=\"More on Estudiantes de Profesorados de Qu\u00edmica y Biolog\u00eda intervinieron en una actividad de la Fundaci\u00f3n Argentina de Nanotecnolog\u00eda (FAN)\">[+]<\/a><\/p>\n","protected":false},"author":3377,"featured_media":0,"comment_status":"open","ping_status":"open","sticky":false,"template":"","format":"standard","meta":[],"categories":[6],"tags":[],"acf":[],"_links":{"self":[{"href":"https:\/\/iesbolivar-cba.infd.edu.ar\/sitio\/wp-json\/wp\/v2\/posts\/1950"}],"collection":[{"href":"https:\/\/iesbolivar-cba.infd.edu.ar\/sitio\/wp-json\/wp\/v2\/posts"}],"about":[{"href":"https:\/\/iesbolivar-cba.infd.edu.ar\/sitio\/wp-json\/wp\/v2\/types\/post"}],"author":[{"embeddable":true,"href":"https:\/\/iesbolivar-cba.infd.edu.ar\/sitio\/wp-json\/wp\/v2\/users\/3377"}],"replies":[{"embeddable":true,"href":"https:\/\/iesbolivar-cba.infd.edu.ar\/sitio\/wp-json\/wp\/v2\/comments?post=1950"}],"version-history":[{"count":1,"href":"https:\/\/iesbolivar-cba.infd.edu.ar\/sitio\/wp-json\/wp\/v2\/posts\/1950\/revisions"}],"predecessor-version":[{"id":1951,"href":"https:\/\/iesbolivar-cba.infd.edu.ar\/sitio\/wp-json\/wp\/v2\/posts\/1950\/revisions\/1951"}],"wp:attachment":[{"href":"https:\/\/iesbolivar-cba.infd.edu.ar\/sitio\/wp-json\/wp\/v2\/media?parent=1950"}],"wp:term":[{"taxonomy":"category","embeddable":true,"href":"https:\/\/iesbolivar-cba.infd.edu.ar\/sitio\/wp-json\/wp\/v2\/categories?post=1950"},{"taxonomy":"post_tag","embeddable":true,"href":"https:\/\/iesbolivar-cba.infd.edu.ar\/sitio\/wp-json\/wp\/v2\/tags?post=1950"}],"curies":[{"name":"wp","href":"https:\/\/api.w.org\/{rel}","templated":true}]}}