{"id":1942,"date":"2019-06-27T14:18:49","date_gmt":"2019-06-27T17:18:49","guid":{"rendered":"https:\/\/iesbolivar-cba.infd.edu.ar\/sitio\/?p=1942"},"modified":"2019-06-27T15:20:29","modified_gmt":"2019-06-27T18:20:29","slug":"curso-virtual-autoasistido-evaluacion-y-tic-inscripciones-abiertas","status":"publish","type":"post","link":"https:\/\/iesbolivar-cba.infd.edu.ar\/sitio\/curso-virtual-autoasistido-evaluacion-y-tic-inscripciones-abiertas\/","title":{"rendered":"Curso virtual autoasistido \u00abEvaluaci\u00f3n y TIC\u00bb | Inscripciones abiertas"},"content":{"rendered":"<p>El IES Sim\u00f3n Bol\u00edvar pone a disposici\u00f3n de la comunidad educativa\u00a0un nuevo\u00a0<span class=\"m_5102163654139679465m_4890349583730731867m_-4671034529607661625il\">curso<\/span>\u00a0virtual\u00a0<span class=\"m_5102163654139679465m_4890349583730731867m_-4671034529607661625il\">autoasist<wbr \/>ido: \u00abEvaluaci\u00f3n y TIC\u00bb,\u00a0<\/span>destinado a la formaci\u00f3n docente y desarrollado y provisto por el INFoD.<\/p>\n<p>El curso est\u00e1 dirigido a estudiantes, egresados y docentes. Fue elaborado por profesionales reconocidos en la tem\u00e1tica y formaron parte de las Especializaciones de TIC.<\/p>\n<p>Los interesados en llevar a cabo el\u00a0<span class=\"m_5102163654139679465m_4890349583730731867m_-4671034529607661625il\">curso<\/span>\u00a0deben inscribirse\u00a0<a title=\"https:\/\/forms.gle\/3MRSPxApAS5vir2N7\" href=\"https:\/\/forms.gle\/3MRSPxApAS5vir2N7\" target=\"_blank\" rel=\"noopener\" data-saferedirecturl=\"https:\/\/www.google.com\/url?q=https:\/\/forms.gle\/3MRSPxApAS5vir2N7&amp;source=gmail&amp;ust=1561742224674000&amp;usg=AFQjCNGsNQWsvYRJfsk_MD05oZurxadM0A\">aqu\u00ed\u00a0<\/a>y ser\u00e1n habilitados en el aula virtual del\u00a0<span class=\"m_5102163654139679465m_4890349583730731867m_-4671034529607661625il\">curso<\/span>, alojada en la plataforma del Sim\u00f3n Bol\u00edvar, en las pr\u00f3ximas 72 horas.<\/p>\n<div><em>Estos cursos son gratuitos, no se certifican ni eval\u00faan.\u00a0Se basan en el aprendizaje y los recorridos auto-guiados\u00a0por los materiales y la realizaci\u00f3n aut\u00f3noma de las actividades.\u00a0Cada cursante estudia a su ritmo dentro del tiempo establecido y las actividades se corrigen autom\u00e1ticamente sin la intervenci\u00f3n de un tutor.\u00a0\u00a0<\/em><\/div>\n<div><em><br \/>\n<img decoding=\"async\" loading=\"lazy\" class=\"CToWUd a6T\" tabindex=\"0\" src=\"https:\/\/ci6.googleusercontent.com\/proxy\/AjvI5wYs67uQK-3oeNUF0Fe5R2WLIYxiH2vM-MRoJqnuPjlrf_mXQWUTAuuydIDIGnB3Kwc_ccg9LEABSA_OI6jvNGm81OmrxT8uEfRxoi-Z2cq8IVNIxJXnTmPymETmgrhx8bvpY6byiwuMf_2VOEREWaE=s0-d-e1-ft#https:\/\/iesbolivar-cba.infd.edu.ar\/aula\/archivos\/repositorio\/\/2250\/2267\/portada-educacionytic.png\" alt=\"\" width=\"700\" height=\"372\" border=\"0\" \/><\/em><\/div>\n","protected":false},"excerpt":{"rendered":"<p>El IES Sim\u00f3n Bol\u00edvar pone a disposici\u00f3n de la comunidad educativa\u00a0un nuevo\u00a0curso\u00a0virtual\u00a0autoasistido: \u00abEvaluaci\u00f3n y TIC\u00bb,\u00a0destinado a la formaci\u00f3n docente y desarrollado y provisto por el INFoD. El curso est\u00e1 dirigido a estudiantes, egresados y docentes. Fue elaborado por profesionales reconocidos en la tem\u00e1tica y formaron parte de las Especializaciones de TIC. Los interesados en llevar &#8230; <a title=\"Curso virtual autoasistido \u00abEvaluaci\u00f3n y TIC\u00bb | Inscripciones abiertas\" class=\"read-more\" href=\"https:\/\/iesbolivar-cba.infd.edu.ar\/sitio\/curso-virtual-autoasistido-evaluacion-y-tic-inscripciones-abiertas\/\" aria-label=\"More on Curso virtual autoasistido \u00abEvaluaci\u00f3n y TIC\u00bb | Inscripciones abiertas\">[+]<\/a><\/p>\n","protected":false},"author":3377,"featured_media":0,"comment_status":"open","ping_status":"open","sticky":false,"template":"","format":"standard","meta":[],"categories":[6],"tags":[],"acf":[],"_links":{"self":[{"href":"https:\/\/iesbolivar-cba.infd.edu.ar\/sitio\/wp-json\/wp\/v2\/posts\/1942"}],"collection":[{"href":"https:\/\/iesbolivar-cba.infd.edu.ar\/sitio\/wp-json\/wp\/v2\/posts"}],"about":[{"href":"https:\/\/iesbolivar-cba.infd.edu.ar\/sitio\/wp-json\/wp\/v2\/types\/post"}],"author":[{"embeddable":true,"href":"https:\/\/iesbolivar-cba.infd.edu.ar\/sitio\/wp-json\/wp\/v2\/users\/3377"}],"replies":[{"embeddable":true,"href":"https:\/\/iesbolivar-cba.infd.edu.ar\/sitio\/wp-json\/wp\/v2\/comments?post=1942"}],"version-history":[{"count":2,"href":"https:\/\/iesbolivar-cba.infd.edu.ar\/sitio\/wp-json\/wp\/v2\/posts\/1942\/revisions"}],"predecessor-version":[{"id":1946,"href":"https:\/\/iesbolivar-cba.infd.edu.ar\/sitio\/wp-json\/wp\/v2\/posts\/1942\/revisions\/1946"}],"wp:attachment":[{"href":"https:\/\/iesbolivar-cba.infd.edu.ar\/sitio\/wp-json\/wp\/v2\/media?parent=1942"}],"wp:term":[{"taxonomy":"category","embeddable":true,"href":"https:\/\/iesbolivar-cba.infd.edu.ar\/sitio\/wp-json\/wp\/v2\/categories?post=1942"},{"taxonomy":"post_tag","embeddable":true,"href":"https:\/\/iesbolivar-cba.infd.edu.ar\/sitio\/wp-json\/wp\/v2\/tags?post=1942"}],"curies":[{"name":"wp","href":"https:\/\/api.w.org\/{rel}","templated":true}]}}