{"id":1934,"date":"2019-06-26T15:06:30","date_gmt":"2019-06-26T18:06:30","guid":{"rendered":"https:\/\/iesbolivar-cba.infd.edu.ar\/sitio\/?p=1934"},"modified":"2019-06-26T15:06:30","modified_gmt":"2019-06-26T18:06:30","slug":"salidas-educativas-estudiantes-de-biologia-de-4to-ano-visitaron-museos-de-ciencias-naturales","status":"publish","type":"post","link":"https:\/\/iesbolivar-cba.infd.edu.ar\/sitio\/salidas-educativas-estudiantes-de-biologia-de-4to-ano-visitaron-museos-de-ciencias-naturales\/","title":{"rendered":"Salidas educativas | Estudiantes de Biolog\u00eda de 4to. a\u00f1o visitaron museos de Ciencias Naturales"},"content":{"rendered":"<div>\n<div class=\"m_-1465455568430745351offset\">\n<div class=\"m_-1465455568430745351contenido\">\n<div class=\"m_-1465455568430745351ver_mail\">\n<div class=\"m_-1465455568430745351mensaje m_-1465455568430745351tiny_personalizado\">\n<p>Desde el espacio curricular\u00a0<em>Historia de la vida en la Tierra y procesos evolutivos<\/em>, de cuarto a\u00f1o del\u00a0Profesorado de Educaci\u00f3n Secundaria en Biolog\u00eda, se organiz\u00f3 una salida educativa a los museos de la Facultad de Ciencias Exactas, F\u00edsicas y Naturales de la Universidad Nacional de C\u00f3rdoba.<\/p>\n<p>Las estudiantes visitaron, el pasado martes 25 de junio, el Museo de Paleontolog\u00eda, el Museo de Mineralog\u00eda y Geolog\u00eda \u00ab<em>Dr. Alfred W. Stelzner<\/em>\u00bb y el Museo Bot\u00e1nico C\u00f3rdoba.<\/p>\n<p>La salida educativa se propuso reconocer las principales divisiones de la historia de nuestro planeta Tierra, los acontecimientos geol\u00f3gicos m\u00e1s importantes y las formas de vida predominantes. Adem\u00e1s, descubrir las herramientas conceptuales y pr\u00e1cticas que aportan la Paleontolog\u00eda y la Geolog\u00eda para comprender la historia de la vida en la Tierra e interpretar el origen y diversificaci\u00f3n de los seres vivos desde el punto de vista de la teor\u00eda sint\u00e9tica de la evoluci\u00f3n.<\/p>\n<p>La propuesta concluy\u00f3 con la reflexi\u00f3n respecto de los motivos por los cuales una visita educativa de este tipo podr\u00eda ser relevante para los y las estudiantes de Nivel Secundario.<\/p>\n<p><img decoding=\"async\" loading=\"lazy\" class=\"CToWUd a6T\" tabindex=\"0\" src=\"https:\/\/ci6.googleusercontent.com\/proxy\/4PSxIL9H6KJyyTQrdfQVx0yODGdvsU6i0CZ689I7JJ147JY7jl3i10wkvpeMrEh5KM54F4k6Pc-en_OKD21Ytgat1yGA4g1qR9zPyDawJB1YBpqcORcm-nf8669PPOcpUSpLhVtZDA=s0-d-e1-ft#https:\/\/iesbolivar-cba.infd.edu.ar\/aula\/archivos\/repositorio\/\/2250\/2260\/MUSEO_02.jpg\" alt=\"\" width=\"700\" height=\"482\" border=\"0\" \/><\/p>\n<p><img decoding=\"async\" loading=\"lazy\" class=\"CToWUd a6T\" tabindex=\"0\" src=\"https:\/\/ci4.googleusercontent.com\/proxy\/7cQyvAQxpLNSan_IRUOpX5s9e-VKNQqEXKeiJ0r6y7UUwMFHMoulfDWf6PlMhbHQOF4q1yCy41sB2YfBKOx6kfds5NAUUZOZe6k8kDDmKTmZCpSTPRe5z3Pj8gr-lZQQGbCRmgDpJw=s0-d-e1-ft#https:\/\/iesbolivar-cba.infd.edu.ar\/aula\/archivos\/repositorio\/\/2250\/2261\/MUSEO_01.jpg\" alt=\"\" width=\"700\" height=\"456\" border=\"0\" \/><\/p>\n<p><img decoding=\"async\" loading=\"lazy\" class=\"CToWUd a6T\" tabindex=\"0\" src=\"https:\/\/ci4.googleusercontent.com\/proxy\/VG03ZSpK8ZE1f1eW9DhcvtJs_eXeeMOjFFH3QkqOL-rsqSefwhlHrxzehGlsb90_yMaqXMHTPDbFAbyryAAprPsvasH4YBz6jBIIzGxhVZbTY8b1a5uRWXm4EBQ-fwbaoeyTzscBYw=s0-d-e1-ft#https:\/\/iesbolivar-cba.infd.edu.ar\/aula\/archivos\/repositorio\/\/2250\/2262\/MUSEO_03.jpg\" alt=\"\" width=\"438\" height=\"828\" border=\"0\" \/><\/p>\n<\/div>\n<\/div>\n<\/div>\n<\/div>\n<\/div>\n<p>&nbsp;<\/p>\n","protected":false},"excerpt":{"rendered":"<p>Desde el espacio curricular\u00a0Historia de la vida en la Tierra y procesos evolutivos, de cuarto a\u00f1o del\u00a0Profesorado de Educaci\u00f3n Secundaria en Biolog\u00eda, se organiz\u00f3 una salida educativa a los museos de la Facultad de Ciencias Exactas, F\u00edsicas y Naturales de la Universidad Nacional de C\u00f3rdoba. Las estudiantes visitaron, el pasado martes 25 de junio, el &#8230; <a title=\"Salidas educativas | Estudiantes de Biolog\u00eda de 4to. a\u00f1o visitaron museos de Ciencias Naturales\" class=\"read-more\" href=\"https:\/\/iesbolivar-cba.infd.edu.ar\/sitio\/salidas-educativas-estudiantes-de-biologia-de-4to-ano-visitaron-museos-de-ciencias-naturales\/\" aria-label=\"More on Salidas educativas | Estudiantes de Biolog\u00eda de 4to. a\u00f1o visitaron museos de Ciencias Naturales\">[+]<\/a><\/p>\n","protected":false},"author":3377,"featured_media":0,"comment_status":"open","ping_status":"open","sticky":false,"template":"","format":"standard","meta":[],"categories":[6],"tags":[],"acf":[],"_links":{"self":[{"href":"https:\/\/iesbolivar-cba.infd.edu.ar\/sitio\/wp-json\/wp\/v2\/posts\/1934"}],"collection":[{"href":"https:\/\/iesbolivar-cba.infd.edu.ar\/sitio\/wp-json\/wp\/v2\/posts"}],"about":[{"href":"https:\/\/iesbolivar-cba.infd.edu.ar\/sitio\/wp-json\/wp\/v2\/types\/post"}],"author":[{"embeddable":true,"href":"https:\/\/iesbolivar-cba.infd.edu.ar\/sitio\/wp-json\/wp\/v2\/users\/3377"}],"replies":[{"embeddable":true,"href":"https:\/\/iesbolivar-cba.infd.edu.ar\/sitio\/wp-json\/wp\/v2\/comments?post=1934"}],"version-history":[{"count":1,"href":"https:\/\/iesbolivar-cba.infd.edu.ar\/sitio\/wp-json\/wp\/v2\/posts\/1934\/revisions"}],"predecessor-version":[{"id":1935,"href":"https:\/\/iesbolivar-cba.infd.edu.ar\/sitio\/wp-json\/wp\/v2\/posts\/1934\/revisions\/1935"}],"wp:attachment":[{"href":"https:\/\/iesbolivar-cba.infd.edu.ar\/sitio\/wp-json\/wp\/v2\/media?parent=1934"}],"wp:term":[{"taxonomy":"category","embeddable":true,"href":"https:\/\/iesbolivar-cba.infd.edu.ar\/sitio\/wp-json\/wp\/v2\/categories?post=1934"},{"taxonomy":"post_tag","embeddable":true,"href":"https:\/\/iesbolivar-cba.infd.edu.ar\/sitio\/wp-json\/wp\/v2\/tags?post=1934"}],"curies":[{"name":"wp","href":"https:\/\/api.w.org\/{rel}","templated":true}]}}