{"id":1930,"date":"2019-06-25T15:13:40","date_gmt":"2019-06-25T18:13:40","guid":{"rendered":"https:\/\/iesbolivar-cba.infd.edu.ar\/sitio\/?p=1930"},"modified":"2019-06-25T15:13:40","modified_gmt":"2019-06-25T18:13:40","slug":"visitas-educativas-estudiantes-del-profesorado-de-lengua-y-literatura-en-el-museo-emilio-caraffa","status":"publish","type":"post","link":"https:\/\/iesbolivar-cba.infd.edu.ar\/sitio\/visitas-educativas-estudiantes-del-profesorado-de-lengua-y-literatura-en-el-museo-emilio-caraffa\/","title":{"rendered":"Visitas educativas | Estudiantes del Profesorado de Lengua y Literatura en el Museo Emilio Caraffa"},"content":{"rendered":"<p>Desde los espacios curriculares Problem\u00e1ticas socio-antropol\u00f3gicas en educaci\u00f3n, Teor\u00eda y An\u00e1lisis literario y Pr\u00e1cticas de Oralidad, Lectura y Escritura del Profesorado de Lengua y Literatura se organiz\u00f3 una salida al Museo Emilio Caraffa.<\/p>\n<p>Se visitaron las muestras \u201cEl rostro de las letras. Escritores y fot\u00f3grafos en Espa\u00f1a del Romanticismo hasta la Generaci\u00f3n del XIV\u201d, \u201cC\u00f3mo se imprime un libro. Grafistas e impresores de Buenos Aires 1936-1950\u201d, \u201cErrancia y fotograf\u00eda. El mundo hisp\u00e1nico de Jesse A. Fern\u00e1ndez\u201d y la muestra de Nina Molina \u201c\u00a1Salvemos al subjuntivo!\u201d.<\/p>\n<p>Las cuatro salas fueron parte del VIII Congreso Internacional de la Lengua Espa\u00f1ola, realizado en nuestra ciudad. La experiencia se complet\u00f3 con un texto escrito de reflexi\u00f3n sobre las tensiones entre la descripci\u00f3n personal y la pr\u00e1ctica de etnografiar.<\/p>\n<p><img decoding=\"async\" loading=\"lazy\" class=\"CToWUd a6T\" tabindex=\"0\" src=\"https:\/\/ci5.googleusercontent.com\/proxy\/_B66WrNZEEvyC15dsaz8tf0rJlsN0bVmPM3UvLKLlnunzcaW34XTtYWhTDGuUswlx-yLWCBRCqOW6KeDdmgCl7TPHAy6TwKZ6pPf_RE97PkrTk7Eht5ctSR88GAg5adx=s0-d-e1-ft#https:\/\/iesbolivar-cba.infd.edu.ar\/aula\/archivos\/repositorio\/\/2250\/2251\/1.jpg\" alt=\"\" width=\"700\" height=\"460\" border=\"0\" \/><\/p>\n<p><img decoding=\"async\" loading=\"lazy\" class=\"CToWUd a6T\" tabindex=\"0\" src=\"https:\/\/ci3.googleusercontent.com\/proxy\/N2KPcv4m0wcCO8BhlKS_Yld6oCHb5MwVcdNRRcR-CpyNeQF972HoGYGy227GrPg-jI6766laImchoAxt2kLZymygWIzkMo15YBVW-Gk8aQa1KefhwKwu9viIwf4Rg3wA=s0-d-e1-ft#https:\/\/iesbolivar-cba.infd.edu.ar\/aula\/archivos\/repositorio\/\/2250\/2250\/3.jpg\" alt=\"\" width=\"700\" height=\"415\" border=\"0\" \/><\/p>\n<p><img decoding=\"async\" loading=\"lazy\" class=\"CToWUd a6T\" tabindex=\"0\" src=\"https:\/\/ci5.googleusercontent.com\/proxy\/LpEaMpaBnFT0azGJT4xMJTl2gO161baIAm4m9oyVIsu77clTGcAG6_rFd-VGhdOxftkJ0IfXSPuJjQQbtZrF_6YKoJrDsnw_jrwyVr7Bq5tZ-2IoOcH8VVvtPynbmtA4=s0-d-e1-ft#https:\/\/iesbolivar-cba.infd.edu.ar\/aula\/archivos\/repositorio\/\/2000\/2249\/2.jpg\" alt=\"\" width=\"700\" height=\"399\" border=\"0\" \/><\/p>\n<p><img decoding=\"async\" loading=\"lazy\" class=\"CToWUd a6T\" tabindex=\"0\" src=\"https:\/\/ci3.googleusercontent.com\/proxy\/KM480YxeQvOaWUCrWkhxu5x5LaJMjAVmLtIbe_5Ztji3XEzNXGgXOj4UjTnibVOxyzT99sVouZnhdbQaUwnwbijsWOitMakynG75f2ULcECp34JbEFMDVSQNR0vu_XHY=s0-d-e1-ft#https:\/\/iesbolivar-cba.infd.edu.ar\/aula\/archivos\/repositorio\/\/2250\/2252\/7.jpg\" alt=\"\" width=\"700\" height=\"482\" border=\"0\" \/><\/p>\n<p><img decoding=\"async\" loading=\"lazy\" class=\"CToWUd a6T\" tabindex=\"0\" src=\"https:\/\/ci6.googleusercontent.com\/proxy\/V6B4qqC-x_Gcv3rPm864vuC06a8vZ-lFBgnUPtKcYpVhNWBgt9mI7-siE9vXutTyWV19ApTvCj73vphIQNa3q0nv5xE64vrszlqmzHGpbh1ij5nvR04YRB_7CIRxB8KS=s0-d-e1-ft#https:\/\/iesbolivar-cba.infd.edu.ar\/aula\/archivos\/repositorio\/\/2250\/2253\/4.jpg\" alt=\"\" width=\"700\" height=\"402\" border=\"0\" \/><\/p>\n","protected":false},"excerpt":{"rendered":"<p>Desde los espacios curriculares Problem\u00e1ticas socio-antropol\u00f3gicas en educaci\u00f3n, Teor\u00eda y An\u00e1lisis literario y Pr\u00e1cticas de Oralidad, Lectura y Escritura del Profesorado de Lengua y Literatura se organiz\u00f3 una salida al Museo Emilio Caraffa. Se visitaron las muestras \u201cEl rostro de las letras. Escritores y fot\u00f3grafos en Espa\u00f1a del Romanticismo hasta la Generaci\u00f3n del XIV\u201d, \u201cC\u00f3mo &#8230; <a title=\"Visitas educativas | Estudiantes del Profesorado de Lengua y Literatura en el Museo Emilio Caraffa\" class=\"read-more\" href=\"https:\/\/iesbolivar-cba.infd.edu.ar\/sitio\/visitas-educativas-estudiantes-del-profesorado-de-lengua-y-literatura-en-el-museo-emilio-caraffa\/\" aria-label=\"More on Visitas educativas | Estudiantes del Profesorado de Lengua y Literatura en el Museo Emilio Caraffa\">[+]<\/a><\/p>\n","protected":false},"author":3377,"featured_media":0,"comment_status":"open","ping_status":"open","sticky":false,"template":"","format":"standard","meta":[],"categories":[6],"tags":[],"acf":[],"_links":{"self":[{"href":"https:\/\/iesbolivar-cba.infd.edu.ar\/sitio\/wp-json\/wp\/v2\/posts\/1930"}],"collection":[{"href":"https:\/\/iesbolivar-cba.infd.edu.ar\/sitio\/wp-json\/wp\/v2\/posts"}],"about":[{"href":"https:\/\/iesbolivar-cba.infd.edu.ar\/sitio\/wp-json\/wp\/v2\/types\/post"}],"author":[{"embeddable":true,"href":"https:\/\/iesbolivar-cba.infd.edu.ar\/sitio\/wp-json\/wp\/v2\/users\/3377"}],"replies":[{"embeddable":true,"href":"https:\/\/iesbolivar-cba.infd.edu.ar\/sitio\/wp-json\/wp\/v2\/comments?post=1930"}],"version-history":[{"count":1,"href":"https:\/\/iesbolivar-cba.infd.edu.ar\/sitio\/wp-json\/wp\/v2\/posts\/1930\/revisions"}],"predecessor-version":[{"id":1931,"href":"https:\/\/iesbolivar-cba.infd.edu.ar\/sitio\/wp-json\/wp\/v2\/posts\/1930\/revisions\/1931"}],"wp:attachment":[{"href":"https:\/\/iesbolivar-cba.infd.edu.ar\/sitio\/wp-json\/wp\/v2\/media?parent=1930"}],"wp:term":[{"taxonomy":"category","embeddable":true,"href":"https:\/\/iesbolivar-cba.infd.edu.ar\/sitio\/wp-json\/wp\/v2\/categories?post=1930"},{"taxonomy":"post_tag","embeddable":true,"href":"https:\/\/iesbolivar-cba.infd.edu.ar\/sitio\/wp-json\/wp\/v2\/tags?post=1930"}],"curies":[{"name":"wp","href":"https:\/\/api.w.org\/{rel}","templated":true}]}}