{"id":1928,"date":"2019-06-24T18:34:54","date_gmt":"2019-06-24T21:34:54","guid":{"rendered":"https:\/\/iesbolivar-cba.infd.edu.ar\/sitio\/?p=1928"},"modified":"2019-06-24T18:34:54","modified_gmt":"2019-06-24T21:34:54","slug":"el-simon-bolivar-en-la-10jornada-de-expo-carreras-en-arroyito","status":"publish","type":"post","link":"https:\/\/iesbolivar-cba.infd.edu.ar\/sitio\/el-simon-bolivar-en-la-10jornada-de-expo-carreras-en-arroyito\/","title":{"rendered":"El Sim\u00f3n Bol\u00edvar en la 10\u00b0Jornada de Expo Carreras en Arroyito"},"content":{"rendered":"<p>El IES Sim\u00f3n Bol\u00edvar particip\u00f3 de la 10\u00b0Jornada de\u00a0Expo\u00a0Carreras en el IPETAYM N\u00b068 \u00abCnel. Don Luis \u00c1lvarez\u00bb de la ciudad de Arroyito. Durante la jornada se present\u00f3 la oferta de carreras a las escuelas secundarias de la ciudad y la zona y al p\u00fablico en general. El Instituto estuvo representado por dos egresadas, las profesoras Ruth Gasoni y Romina R\u00edos.<\/p>\n<p><img decoding=\"async\" loading=\"lazy\" class=\"CToWUd a6T\" tabindex=\"0\" src=\"https:\/\/ci5.googleusercontent.com\/proxy\/73bpwMgEHVQtxCf0vkFDojs8NxQzV0o-CNA_7TKCtIoamE_PRYy1b-0LneQP_kw-yHNVpYu1dgDVThHeO5KA0xS2xS-4W8-t4FUDkKC72w4fgKJSwNJ7NBzXiS8TzTY3s_ZTi0HvWJtf7BHL5XRN_zkvBWxM22wwX2oRMxsXq6iMHFrzE6A=s0-d-e1-ft#https:\/\/iesbolivar-cba.infd.edu.ar\/aula\/archivos\/repositorio\/\/2000\/2238\/WhatsApp_Image_2019-06-21_at_7.49.11_AM.jpg\" alt=\"\" width=\"700\" height=\"439\" border=\"0\" \/><\/p>\n<p><img decoding=\"async\" loading=\"lazy\" class=\"CToWUd a6T\" tabindex=\"0\" src=\"https:\/\/ci5.googleusercontent.com\/proxy\/yf3YrBLqnMpUMesoOsHsIGm1AFRGtQfKIMiX-jgTgwP4tkv4eZvw5tm2yjzyRUTHfMW-64YWrvEVF44iAjbouPCSJTVmOR3VHEAv2wvYno16FehPgIhxeoa9r4IFsQILY_1MMeLnMzvbzovWsUnIhtCCR4gFW15nN0cz1hZ-y2HldF4pVKY=s0-d-e1-ft#https:\/\/iesbolivar-cba.infd.edu.ar\/aula\/archivos\/repositorio\/\/2000\/2237\/WhatsApp_Image_2019-06-21_at_7.48.58_AM.jpg\" alt=\"\" width=\"700\" height=\"394\" border=\"0\" \/><\/p>\n","protected":false},"excerpt":{"rendered":"<p>El IES Sim\u00f3n Bol\u00edvar particip\u00f3 de la 10\u00b0Jornada de\u00a0Expo\u00a0Carreras en el IPETAYM N\u00b068 \u00abCnel. Don Luis \u00c1lvarez\u00bb de la ciudad de Arroyito. Durante la jornada se present\u00f3 la oferta de carreras a las escuelas secundarias de la ciudad y la zona y al p\u00fablico en general. El Instituto estuvo representado por dos egresadas, las profesoras &#8230; <a title=\"El Sim\u00f3n Bol\u00edvar en la 10\u00b0Jornada de Expo Carreras en Arroyito\" class=\"read-more\" href=\"https:\/\/iesbolivar-cba.infd.edu.ar\/sitio\/el-simon-bolivar-en-la-10jornada-de-expo-carreras-en-arroyito\/\" aria-label=\"More on El Sim\u00f3n Bol\u00edvar en la 10\u00b0Jornada de Expo Carreras en Arroyito\">[+]<\/a><\/p>\n","protected":false},"author":3377,"featured_media":0,"comment_status":"open","ping_status":"open","sticky":false,"template":"","format":"standard","meta":[],"categories":[6],"tags":[],"acf":[],"_links":{"self":[{"href":"https:\/\/iesbolivar-cba.infd.edu.ar\/sitio\/wp-json\/wp\/v2\/posts\/1928"}],"collection":[{"href":"https:\/\/iesbolivar-cba.infd.edu.ar\/sitio\/wp-json\/wp\/v2\/posts"}],"about":[{"href":"https:\/\/iesbolivar-cba.infd.edu.ar\/sitio\/wp-json\/wp\/v2\/types\/post"}],"author":[{"embeddable":true,"href":"https:\/\/iesbolivar-cba.infd.edu.ar\/sitio\/wp-json\/wp\/v2\/users\/3377"}],"replies":[{"embeddable":true,"href":"https:\/\/iesbolivar-cba.infd.edu.ar\/sitio\/wp-json\/wp\/v2\/comments?post=1928"}],"version-history":[{"count":1,"href":"https:\/\/iesbolivar-cba.infd.edu.ar\/sitio\/wp-json\/wp\/v2\/posts\/1928\/revisions"}],"predecessor-version":[{"id":1929,"href":"https:\/\/iesbolivar-cba.infd.edu.ar\/sitio\/wp-json\/wp\/v2\/posts\/1928\/revisions\/1929"}],"wp:attachment":[{"href":"https:\/\/iesbolivar-cba.infd.edu.ar\/sitio\/wp-json\/wp\/v2\/media?parent=1928"}],"wp:term":[{"taxonomy":"category","embeddable":true,"href":"https:\/\/iesbolivar-cba.infd.edu.ar\/sitio\/wp-json\/wp\/v2\/categories?post=1928"},{"taxonomy":"post_tag","embeddable":true,"href":"https:\/\/iesbolivar-cba.infd.edu.ar\/sitio\/wp-json\/wp\/v2\/tags?post=1928"}],"curies":[{"name":"wp","href":"https:\/\/api.w.org\/{rel}","templated":true}]}}