{"id":1914,"date":"2019-06-19T15:29:27","date_gmt":"2019-06-19T18:29:27","guid":{"rendered":"https:\/\/iesbolivar-cba.infd.edu.ar\/sitio\/?p=1914"},"modified":"2019-06-19T15:29:27","modified_gmt":"2019-06-19T18:29:27","slug":"convocatoria-10-congreso-provincial-de-ciencias-y-tecnologias-en-la-escuela","status":"publish","type":"post","link":"https:\/\/iesbolivar-cba.infd.edu.ar\/sitio\/convocatoria-10-congreso-provincial-de-ciencias-y-tecnologias-en-la-escuela\/","title":{"rendered":"Convocatoria | 10\u00b0 Congreso Provincial de Ciencias y Tecnolog\u00edas en la Escuela"},"content":{"rendered":"<p><img decoding=\"async\" loading=\"lazy\" class=\"CToWUd a6T\" tabindex=\"0\" src=\"https:\/\/ci6.googleusercontent.com\/proxy\/9NMU31F7zVTZ_rSbuzw1B5CnM28sTm0nKrr5mT7StZG8YjcQfpJwzzTCb4QvbZYMNTxDqedvRurp-o0JBk-qSLMEXEe8AI3ZQjOtyegD_TEgcNlepM0ZudOOCqd34orpLjTeCt9jTMgvtjeanTNrUETs21XyEtxNAtuq=s0-d-e1-ft#https:\/\/iesbolivar-cba.infd.edu.ar\/aula\/archivos\/repositorio\/\/2000\/2228\/10_congreso_docentes_FLYER_2.jpg\" alt=\"\" width=\"750\" height=\"501\" border=\"0\" \/><\/p>\n<h2 class=\"m_2789295210965443028entry-title m_2789295210965443028fusion-post-title\">Ciencia y Tecnolog\u00eda en las escuelas<\/h2>\n<div class=\"m_2789295210965443028post-content\">\n<p><em>El 09 de agosto de 2019 se realizar\u00e1 el 10\u00b0 Congreso de Ciencias y Tecnolog\u00edas en la Escuela en el Complejo Ferial.\u00a0\u00a0\u00c9ste a\u00f1o se abordar\u00e1n los siguientes ejes de trabajo:<\/em><\/p>\n<p><strong>1- Experiencias educativas<\/strong><\/p>\n<ol>\n<li>A) Que propicien el trabajo por proyectos, abordados interdisciplinarmente y\/o interinstitucionalmente (favoreciendo la integraci\u00f3n de saberes), en los que se originan distintos modos de conocer y ense\u00f1ar las ciencias naturales, sociales, lenguas, matem\u00e1ticas, artes, educaci\u00f3n f\u00edsica, tecnolog\u00edas, programaci\u00f3n y rob\u00f3tica.<\/li>\n<li>B) Que desarrollen materiales did\u00e1cticos en ciencia y tecnolog\u00eda, artes y lenguas en soportes interactivos y no interactivos.<\/li>\n<\/ol>\n<p><strong>2- Propuestas pedag\u00f3gicas innovadoras que recuperan los intereses de los ni\u00f1os, ni\u00f1as, adolescentes y j\u00f3venes que aborden tem\u00e1ticas y\/o problem\u00e1ticas contempor\u00e1neas emergentes.<\/strong><\/p>\n<p><strong>Inscripci\u00f3n<\/strong><\/p>\n<p>El enlace de inscripci\u00f3n al Congreso es\u00a0<a href=\"https:\/\/apex.oracle.com\/pls\/apex\/f?p=120929:1:101774931618273\" target=\"_blank\" rel=\"noopener\" data-saferedirecturl=\"https:\/\/www.google.com\/url?q=https:\/\/apex.oracle.com\/pls\/apex\/f?p%3D120929:1:101774931618273&amp;source=gmail&amp;ust=1561054959762000&amp;usg=AFQjCNHjZ9yJ-_AFmhlwF6hfiPvxF4mT2g\">https:\/\/apex.oracle.com\/<wbr \/>pls\/apex\/f?p=120929:1:<wbr \/>101774931618273<\/a>, donde se encontrar\u00e1 discriminado entre asistentes y expositores para mayor comodidad.<\/p>\n<p>Los destinatarios, tanto asistentes como expositores, ser\u00e1n docentes de todos los niveles y modalidades del sistema educativo provincial \u2013de gesti\u00f3n estatal y privada-, como as\u00ed tambi\u00e9n, estudiantes de Educaci\u00f3n Superior y Universitarios que hayan desarrollado una experiencia educativa vinculada con la problem\u00e1tica que plantea este Congreso.<\/p>\n<p>Para m\u00e1s informaci\u00f3n, ingresar a\u00a0<a href=\"http:\/\/bit.ly\/2ICFDHV\" target=\"_blank\" rel=\"noopener\" data-saferedirecturl=\"https:\/\/www.google.com\/url?q=http:\/\/bit.ly\/2ICFDHV&amp;source=gmail&amp;ust=1561054959762000&amp;usg=AFQjCNEyZTFpxy5UYtbk-oTyAcWqKCdHLQ\">http:\/\/bit.ly\/2ICFDHV<\/a>\u00a0.<\/p>\n<\/div>\n","protected":false},"excerpt":{"rendered":"<p>Ciencia y Tecnolog\u00eda en las escuelas El 09 de agosto de 2019 se realizar\u00e1 el 10\u00b0 Congreso de Ciencias y Tecnolog\u00edas en la Escuela en el Complejo Ferial.\u00a0\u00a0\u00c9ste a\u00f1o se abordar\u00e1n los siguientes ejes de trabajo: 1- Experiencias educativas A) Que propicien el trabajo por proyectos, abordados interdisciplinarmente y\/o interinstitucionalmente (favoreciendo la integraci\u00f3n de saberes), &#8230; <a title=\"Convocatoria | 10\u00b0 Congreso Provincial de Ciencias y Tecnolog\u00edas en la Escuela\" class=\"read-more\" href=\"https:\/\/iesbolivar-cba.infd.edu.ar\/sitio\/convocatoria-10-congreso-provincial-de-ciencias-y-tecnologias-en-la-escuela\/\" aria-label=\"More on Convocatoria | 10\u00b0 Congreso Provincial de Ciencias y Tecnolog\u00edas en la Escuela\">[+]<\/a><\/p>\n","protected":false},"author":3377,"featured_media":0,"comment_status":"open","ping_status":"open","sticky":false,"template":"","format":"standard","meta":[],"categories":[6],"tags":[],"acf":[],"_links":{"self":[{"href":"https:\/\/iesbolivar-cba.infd.edu.ar\/sitio\/wp-json\/wp\/v2\/posts\/1914"}],"collection":[{"href":"https:\/\/iesbolivar-cba.infd.edu.ar\/sitio\/wp-json\/wp\/v2\/posts"}],"about":[{"href":"https:\/\/iesbolivar-cba.infd.edu.ar\/sitio\/wp-json\/wp\/v2\/types\/post"}],"author":[{"embeddable":true,"href":"https:\/\/iesbolivar-cba.infd.edu.ar\/sitio\/wp-json\/wp\/v2\/users\/3377"}],"replies":[{"embeddable":true,"href":"https:\/\/iesbolivar-cba.infd.edu.ar\/sitio\/wp-json\/wp\/v2\/comments?post=1914"}],"version-history":[{"count":1,"href":"https:\/\/iesbolivar-cba.infd.edu.ar\/sitio\/wp-json\/wp\/v2\/posts\/1914\/revisions"}],"predecessor-version":[{"id":1915,"href":"https:\/\/iesbolivar-cba.infd.edu.ar\/sitio\/wp-json\/wp\/v2\/posts\/1914\/revisions\/1915"}],"wp:attachment":[{"href":"https:\/\/iesbolivar-cba.infd.edu.ar\/sitio\/wp-json\/wp\/v2\/media?parent=1914"}],"wp:term":[{"taxonomy":"category","embeddable":true,"href":"https:\/\/iesbolivar-cba.infd.edu.ar\/sitio\/wp-json\/wp\/v2\/categories?post=1914"},{"taxonomy":"post_tag","embeddable":true,"href":"https:\/\/iesbolivar-cba.infd.edu.ar\/sitio\/wp-json\/wp\/v2\/tags?post=1914"}],"curies":[{"name":"wp","href":"https:\/\/api.w.org\/{rel}","templated":true}]}}