{"id":1910,"date":"2019-06-13T12:35:28","date_gmt":"2019-06-13T15:35:28","guid":{"rendered":"https:\/\/iesbolivar-cba.infd.edu.ar\/sitio\/?p=1910"},"modified":"2019-06-13T12:35:28","modified_gmt":"2019-06-13T15:35:28","slug":"estudiantes-del-profesorado-de-matematica-visitaron-el-museo-escolar-de-escuela-normal-superior-dr-agustin-garzon-agulla","status":"publish","type":"post","link":"https:\/\/iesbolivar-cba.infd.edu.ar\/sitio\/estudiantes-del-profesorado-de-matematica-visitaron-el-museo-escolar-de-escuela-normal-superior-dr-agustin-garzon-agulla\/","title":{"rendered":"Estudiantes del Profesorado de Matem\u00e1tica visitaron el Museo Escolar de Escuela Normal Superior Dr. Agust\u00edn Garz\u00f3n Agulla"},"content":{"rendered":"<p>Estudiantes de 1 er. a\u00f1o Divisi\u00f3n A del Profesorado en Matem\u00e1ticas del IES Sim\u00f3n Bol\u00edvar visitaron, junto al Profesor de Problem\u00e1ticas Socio-Antropol\u00f3gicas en Educaci\u00f3n, Fernando Moyano, el Museo Escolar &#8211; Escuela Normal Superior Dr. Agust\u00edn Garz\u00f3n Agulla.<\/p>\n<p>La intenci\u00f3n de esta visita no solo fue conocer el museo sino tratar de emplear el espacio muse\u00edstico como lugar pertinente a la hora de provocar nuevas formas de aprender, estimulando los sentidos, la curiosidad y la creatividad. Esta particular visita fue guiada por estudiantes de 5 a\u00f1o del Ciclo de Orientaci\u00f3n de dicha escuela quienes prepararon este proyecto de articulaci\u00f3n con estudiantes de nivel superior.<\/p>\n<p><img decoding=\"async\" loading=\"lazy\" class=\"CToWUd a6T\" tabindex=\"0\" src=\"https:\/\/ci5.googleusercontent.com\/proxy\/fzwtsmsTWVwANLzMJiDhOLSPv_OREOHrzlujjRx0ZWJMWGxcqRKvLFGbmurumBJRRTC8L2xMLuuvjRioC5Ws_A4G7c_Npk4_4x9k3Xin4jbyG0LbOH9x6-JMLNS6m_YhGFqxxnWpxXFvn6BZ-apQmZNP=s0-d-e1-ft#https:\/\/iesbolivar-cba.infd.edu.ar\/aula\/archivos\/repositorio\/\/2000\/2224\/IMG-20190605-WA0034.jpg\" width=\"671\" height=\"378\" border=\"0\" \/><\/p>\n","protected":false},"excerpt":{"rendered":"<p>Estudiantes de 1 er. a\u00f1o Divisi\u00f3n A del Profesorado en Matem\u00e1ticas del IES Sim\u00f3n Bol\u00edvar visitaron, junto al Profesor de Problem\u00e1ticas Socio-Antropol\u00f3gicas en Educaci\u00f3n, Fernando Moyano, el Museo Escolar &#8211; Escuela Normal Superior Dr. Agust\u00edn Garz\u00f3n Agulla. La intenci\u00f3n de esta visita no solo fue conocer el museo sino tratar de emplear el espacio muse\u00edstico &#8230; <a title=\"Estudiantes del Profesorado de Matem\u00e1tica visitaron el Museo Escolar de Escuela Normal Superior Dr. Agust\u00edn Garz\u00f3n Agulla\" class=\"read-more\" href=\"https:\/\/iesbolivar-cba.infd.edu.ar\/sitio\/estudiantes-del-profesorado-de-matematica-visitaron-el-museo-escolar-de-escuela-normal-superior-dr-agustin-garzon-agulla\/\" aria-label=\"More on Estudiantes del Profesorado de Matem\u00e1tica visitaron el Museo Escolar de Escuela Normal Superior Dr. Agust\u00edn Garz\u00f3n Agulla\">[+]<\/a><\/p>\n","protected":false},"author":3377,"featured_media":0,"comment_status":"open","ping_status":"open","sticky":false,"template":"","format":"standard","meta":[],"categories":[6],"tags":[],"acf":[],"_links":{"self":[{"href":"https:\/\/iesbolivar-cba.infd.edu.ar\/sitio\/wp-json\/wp\/v2\/posts\/1910"}],"collection":[{"href":"https:\/\/iesbolivar-cba.infd.edu.ar\/sitio\/wp-json\/wp\/v2\/posts"}],"about":[{"href":"https:\/\/iesbolivar-cba.infd.edu.ar\/sitio\/wp-json\/wp\/v2\/types\/post"}],"author":[{"embeddable":true,"href":"https:\/\/iesbolivar-cba.infd.edu.ar\/sitio\/wp-json\/wp\/v2\/users\/3377"}],"replies":[{"embeddable":true,"href":"https:\/\/iesbolivar-cba.infd.edu.ar\/sitio\/wp-json\/wp\/v2\/comments?post=1910"}],"version-history":[{"count":1,"href":"https:\/\/iesbolivar-cba.infd.edu.ar\/sitio\/wp-json\/wp\/v2\/posts\/1910\/revisions"}],"predecessor-version":[{"id":1911,"href":"https:\/\/iesbolivar-cba.infd.edu.ar\/sitio\/wp-json\/wp\/v2\/posts\/1910\/revisions\/1911"}],"wp:attachment":[{"href":"https:\/\/iesbolivar-cba.infd.edu.ar\/sitio\/wp-json\/wp\/v2\/media?parent=1910"}],"wp:term":[{"taxonomy":"category","embeddable":true,"href":"https:\/\/iesbolivar-cba.infd.edu.ar\/sitio\/wp-json\/wp\/v2\/categories?post=1910"},{"taxonomy":"post_tag","embeddable":true,"href":"https:\/\/iesbolivar-cba.infd.edu.ar\/sitio\/wp-json\/wp\/v2\/tags?post=1910"}],"curies":[{"name":"wp","href":"https:\/\/api.w.org\/{rel}","templated":true}]}}