{"id":1906,"date":"2019-06-13T11:41:45","date_gmt":"2019-06-13T14:41:45","guid":{"rendered":"https:\/\/iesbolivar-cba.infd.edu.ar\/sitio\/?p=1906"},"modified":"2019-06-13T11:41:45","modified_gmt":"2019-06-13T14:41:45","slug":"las-autoridades-del-simon-bolivar-dieron-la-bienvenida-a-practicantes-de-la-unc","status":"publish","type":"post","link":"https:\/\/iesbolivar-cba.infd.edu.ar\/sitio\/las-autoridades-del-simon-bolivar-dieron-la-bienvenida-a-practicantes-de-la-unc\/","title":{"rendered":"Las autoridades del Sim\u00f3n Bol\u00edvar dieron la bienvenida a practicantes de la UNC"},"content":{"rendered":"<p>En el d\u00eda de ayer, la Directora M\u00f3nica Francettic y el Vicedirector Rafael Herrera dieron la bienvenida a las estudiantes de seminarios de Pr\u00e1ctica y Residencia de la UNC que realizar\u00e1n sus observaciones y pr\u00e1cticas en espacios curriculares de nuestro Instituto. \u00a1Bienvenidas!<\/p>\n<p><img decoding=\"async\" loading=\"lazy\" class=\"CToWUd a6T\" tabindex=\"0\" src=\"https:\/\/ci6.googleusercontent.com\/proxy\/27kIbKELAtVNT5NItteNZwZ4upM7JoQwXPz2OkCU3Ug1HrTnVKJJ3FHwRR0GYtqMsscNfunLRKEjIewsggCDfFkch9W-l51WEWJM6H68atprDDxR2X3WZfmZh7Pyn92a1oDY9EQYvfEbl2O-usG5Fq-stRr_f6plZgcHLQ-ZRAKwpw6eqdnR=s0-d-e1-ft#https:\/\/iesbolivar-cba.infd.edu.ar\/aula\/archivos\/repositorio\/\/2000\/2222\/WhatsApp_Image_2019-06-12_at_5.57.03_PM.jpeg\" width=\"621\" height=\"349\" border=\"0\" \/><\/p>\n","protected":false},"excerpt":{"rendered":"<p>En el d\u00eda de ayer, la Directora M\u00f3nica Francettic y el Vicedirector Rafael Herrera dieron la bienvenida a las estudiantes de seminarios de Pr\u00e1ctica y Residencia de la UNC que realizar\u00e1n sus observaciones y pr\u00e1cticas en espacios curriculares de nuestro Instituto. \u00a1Bienvenidas!<\/p>\n","protected":false},"author":3377,"featured_media":0,"comment_status":"open","ping_status":"open","sticky":false,"template":"","format":"standard","meta":[],"categories":[6],"tags":[],"acf":[],"_links":{"self":[{"href":"https:\/\/iesbolivar-cba.infd.edu.ar\/sitio\/wp-json\/wp\/v2\/posts\/1906"}],"collection":[{"href":"https:\/\/iesbolivar-cba.infd.edu.ar\/sitio\/wp-json\/wp\/v2\/posts"}],"about":[{"href":"https:\/\/iesbolivar-cba.infd.edu.ar\/sitio\/wp-json\/wp\/v2\/types\/post"}],"author":[{"embeddable":true,"href":"https:\/\/iesbolivar-cba.infd.edu.ar\/sitio\/wp-json\/wp\/v2\/users\/3377"}],"replies":[{"embeddable":true,"href":"https:\/\/iesbolivar-cba.infd.edu.ar\/sitio\/wp-json\/wp\/v2\/comments?post=1906"}],"version-history":[{"count":1,"href":"https:\/\/iesbolivar-cba.infd.edu.ar\/sitio\/wp-json\/wp\/v2\/posts\/1906\/revisions"}],"predecessor-version":[{"id":1907,"href":"https:\/\/iesbolivar-cba.infd.edu.ar\/sitio\/wp-json\/wp\/v2\/posts\/1906\/revisions\/1907"}],"wp:attachment":[{"href":"https:\/\/iesbolivar-cba.infd.edu.ar\/sitio\/wp-json\/wp\/v2\/media?parent=1906"}],"wp:term":[{"taxonomy":"category","embeddable":true,"href":"https:\/\/iesbolivar-cba.infd.edu.ar\/sitio\/wp-json\/wp\/v2\/categories?post=1906"},{"taxonomy":"post_tag","embeddable":true,"href":"https:\/\/iesbolivar-cba.infd.edu.ar\/sitio\/wp-json\/wp\/v2\/tags?post=1906"}],"curies":[{"name":"wp","href":"https:\/\/api.w.org\/{rel}","templated":true}]}}