{"id":1902,"date":"2019-06-11T14:49:43","date_gmt":"2019-06-11T17:49:43","guid":{"rendered":"https:\/\/iesbolivar-cba.infd.edu.ar\/sitio\/?p=1902"},"modified":"2019-06-11T14:49:43","modified_gmt":"2019-06-11T17:49:43","slug":"trayecto-de-formacion-escuelas-libres-de-violencia-de-genero","status":"publish","type":"post","link":"https:\/\/iesbolivar-cba.infd.edu.ar\/sitio\/trayecto-de-formacion-escuelas-libres-de-violencia-de-genero\/","title":{"rendered":"Trayecto de formaci\u00f3n \u00abEscuelas libres de Violencia de G\u00e9nero\u00bb"},"content":{"rendered":"<div>Los Ministerios de Educaci\u00f3n y de Justicia y DDHH de la Provincia de C\u00f3rdoba\u00a0convocan a los docentes de nuestro instituto a participar del trayecto de formaci\u00f3n \u00abEscuelas libres de Violencia de G\u00e9nero\u00bb, que dar\u00e1 comienzo el d\u00eda\u00a0<strong>jueves 13\/06\/2019, de 8:00 a 13:00 hs.<\/strong>, en el auditorio del IS Sim\u00f3n Bolivar.<\/div>\n<div>Los interesados se podr\u00e1n inscribir hasta el d\u00eda\u00a0<strong>mi\u00e9rcoles 12 de junio a las 12:00 hs.<\/strong>\u00a0completando sus datos en el siguiente link:\u00a0<a href=\"https:\/\/forms.gle\/vG1JFbBQ27CPiKSQ9\" target=\"_NEW\">https:\/\/forms.gle\/vG1JFbBQ27CPiKSQ9<\/a><\/div>\n<div><span lang=\"ES-AR\">Esta propuesta de formaci\u00f3n surge a partir de la preocupaci\u00f3n de ambos ministerios ante la acuciante problem\u00e1tica de la violencia de g\u00e9nero y la necesidad de ser abordada en el marco de la pol\u00edtica p\u00fablica y las escuelas.<\/span><\/div>\n","protected":false},"excerpt":{"rendered":"<p>Los Ministerios de Educaci\u00f3n y de Justicia y DDHH de la Provincia de C\u00f3rdoba\u00a0convocan a los docentes de nuestro instituto a participar del trayecto de formaci\u00f3n \u00abEscuelas libres de Violencia de G\u00e9nero\u00bb, que dar\u00e1 comienzo el d\u00eda\u00a0jueves 13\/06\/2019, de 8:00 a 13:00 hs., en el auditorio del IS Sim\u00f3n Bolivar. Los interesados se podr\u00e1n inscribir &#8230; <a title=\"Trayecto de formaci\u00f3n \u00abEscuelas libres de Violencia de G\u00e9nero\u00bb\" class=\"read-more\" href=\"https:\/\/iesbolivar-cba.infd.edu.ar\/sitio\/trayecto-de-formacion-escuelas-libres-de-violencia-de-genero\/\" aria-label=\"More on Trayecto de formaci\u00f3n \u00abEscuelas libres de Violencia de G\u00e9nero\u00bb\">[+]<\/a><\/p>\n","protected":false},"author":3377,"featured_media":0,"comment_status":"open","ping_status":"open","sticky":false,"template":"","format":"standard","meta":[],"categories":[6],"tags":[],"acf":[],"_links":{"self":[{"href":"https:\/\/iesbolivar-cba.infd.edu.ar\/sitio\/wp-json\/wp\/v2\/posts\/1902"}],"collection":[{"href":"https:\/\/iesbolivar-cba.infd.edu.ar\/sitio\/wp-json\/wp\/v2\/posts"}],"about":[{"href":"https:\/\/iesbolivar-cba.infd.edu.ar\/sitio\/wp-json\/wp\/v2\/types\/post"}],"author":[{"embeddable":true,"href":"https:\/\/iesbolivar-cba.infd.edu.ar\/sitio\/wp-json\/wp\/v2\/users\/3377"}],"replies":[{"embeddable":true,"href":"https:\/\/iesbolivar-cba.infd.edu.ar\/sitio\/wp-json\/wp\/v2\/comments?post=1902"}],"version-history":[{"count":1,"href":"https:\/\/iesbolivar-cba.infd.edu.ar\/sitio\/wp-json\/wp\/v2\/posts\/1902\/revisions"}],"predecessor-version":[{"id":1903,"href":"https:\/\/iesbolivar-cba.infd.edu.ar\/sitio\/wp-json\/wp\/v2\/posts\/1902\/revisions\/1903"}],"wp:attachment":[{"href":"https:\/\/iesbolivar-cba.infd.edu.ar\/sitio\/wp-json\/wp\/v2\/media?parent=1902"}],"wp:term":[{"taxonomy":"category","embeddable":true,"href":"https:\/\/iesbolivar-cba.infd.edu.ar\/sitio\/wp-json\/wp\/v2\/categories?post=1902"},{"taxonomy":"post_tag","embeddable":true,"href":"https:\/\/iesbolivar-cba.infd.edu.ar\/sitio\/wp-json\/wp\/v2\/tags?post=1902"}],"curies":[{"name":"wp","href":"https:\/\/api.w.org\/{rel}","templated":true}]}}