{"id":1895,"date":"2019-06-10T17:17:25","date_gmt":"2019-06-10T20:17:25","guid":{"rendered":"https:\/\/iesbolivar-cba.infd.edu.ar\/sitio\/?p=1895"},"modified":"2019-06-10T17:27:13","modified_gmt":"2019-06-10T20:27:13","slug":"infancias-y-adolescencias-trans-y-su-interpelacion-a-la-escuela-conservatorios-en-la-aulas","status":"publish","type":"post","link":"https:\/\/iesbolivar-cba.infd.edu.ar\/sitio\/infancias-y-adolescencias-trans-y-su-interpelacion-a-la-escuela-conservatorios-en-la-aulas\/","title":{"rendered":"\u00abInfancias y adolescencias trans y su interpelaci\u00f3n a la escuela\u00bb | Conservatorios en las aulas"},"content":{"rendered":"<p>El pasado lunes 3 de junio se llev\u00f3 a cabo la charla \u00abTRANSEDUCAR: Infancias y adolescencias trans y su interpelaci\u00f3n a la escuela\u00bb, organizada por la c\u00e1tedra Problem\u00e1ticas Socio Antropol\u00f3gicas en Educaci\u00f3n, a cargo del Prof. Fernando Moyano\u00a0 conjuntamente con el Lic. Claudio Barbero (quien integra el equipo de asistentes t\u00e9cnicos de la Subsecretaria de Promoci\u00f3n de Igualdad y Calidad Educativa del Ministerio de Educaci\u00f3n de C\u00f3rdoba).<\/p>\n<p>La charla realizada en el marco de los conversatorios del Profesorado en Lengua y Literatura se denomin\u00f3 \u00abTranseducar\u00bb (t\u00e9rmino acu\u00f1ado por el escritor Ricard Huerta) para hacer referencia a la diversidad sexual como un componente mas en la formaci\u00f3n de ciudadan\u00eda.<\/p>\n<p>En esta oportunidad, los docentes fueron acompa\u00f1ados por los alumnos Andrea Cuello, Benjam\u00edn Pappalardo, Fanny Font y Belen Pereyra (actuales estudiantes de 2 a\u00f1o del mencionado profesorado) quienes contaron sus experiencias educativas con estudiantes trans. A la cita tambi\u00e9n concurrieron los alumnos de 4 a\u00f1o del Profesorado en Qu\u00edmica acompa\u00f1ados por la Prof. Marta Oliva.<\/p>\n<p><img decoding=\"async\" loading=\"lazy\" src=\"https:\/\/iesbolivar-cba.infd.edu.ar\/aula\/archivos\/repositorio\/\/2000\/2218\/2019-transeducar_1.jpg\" alt=\"\" width=\"700\" height=\"404\" border=\"0\" \/><\/p>\n","protected":false},"excerpt":{"rendered":"<p>El pasado lunes 3 de junio se llev\u00f3 a cabo la charla \u00abTRANSEDUCAR: Infancias y adolescencias trans y su interpelaci\u00f3n a la escuela\u00bb, organizada por la c\u00e1tedra Problem\u00e1ticas Socio Antropol\u00f3gicas en Educaci\u00f3n, a cargo del Prof. Fernando Moyano\u00a0 conjuntamente con el Lic. Claudio Barbero (quien integra el equipo de asistentes t\u00e9cnicos de la Subsecretaria de &#8230; <a title=\"\u00abInfancias y adolescencias trans y su interpelaci\u00f3n a la escuela\u00bb | Conservatorios en las aulas\" class=\"read-more\" href=\"https:\/\/iesbolivar-cba.infd.edu.ar\/sitio\/infancias-y-adolescencias-trans-y-su-interpelacion-a-la-escuela-conservatorios-en-la-aulas\/\" aria-label=\"More on \u00abInfancias y adolescencias trans y su interpelaci\u00f3n a la escuela\u00bb | Conservatorios en las aulas\">[+]<\/a><\/p>\n","protected":false},"author":3377,"featured_media":0,"comment_status":"open","ping_status":"open","sticky":false,"template":"","format":"standard","meta":[],"categories":[6],"tags":[],"acf":[],"_links":{"self":[{"href":"https:\/\/iesbolivar-cba.infd.edu.ar\/sitio\/wp-json\/wp\/v2\/posts\/1895"}],"collection":[{"href":"https:\/\/iesbolivar-cba.infd.edu.ar\/sitio\/wp-json\/wp\/v2\/posts"}],"about":[{"href":"https:\/\/iesbolivar-cba.infd.edu.ar\/sitio\/wp-json\/wp\/v2\/types\/post"}],"author":[{"embeddable":true,"href":"https:\/\/iesbolivar-cba.infd.edu.ar\/sitio\/wp-json\/wp\/v2\/users\/3377"}],"replies":[{"embeddable":true,"href":"https:\/\/iesbolivar-cba.infd.edu.ar\/sitio\/wp-json\/wp\/v2\/comments?post=1895"}],"version-history":[{"count":2,"href":"https:\/\/iesbolivar-cba.infd.edu.ar\/sitio\/wp-json\/wp\/v2\/posts\/1895\/revisions"}],"predecessor-version":[{"id":1899,"href":"https:\/\/iesbolivar-cba.infd.edu.ar\/sitio\/wp-json\/wp\/v2\/posts\/1895\/revisions\/1899"}],"wp:attachment":[{"href":"https:\/\/iesbolivar-cba.infd.edu.ar\/sitio\/wp-json\/wp\/v2\/media?parent=1895"}],"wp:term":[{"taxonomy":"category","embeddable":true,"href":"https:\/\/iesbolivar-cba.infd.edu.ar\/sitio\/wp-json\/wp\/v2\/categories?post=1895"},{"taxonomy":"post_tag","embeddable":true,"href":"https:\/\/iesbolivar-cba.infd.edu.ar\/sitio\/wp-json\/wp\/v2\/tags?post=1895"}],"curies":[{"name":"wp","href":"https:\/\/api.w.org\/{rel}","templated":true}]}}