{"id":1889,"date":"2019-06-06T16:00:43","date_gmt":"2019-06-06T19:00:43","guid":{"rendered":"https:\/\/iesbolivar-cba.infd.edu.ar\/sitio\/?p=1889"},"modified":"2019-06-06T16:00:43","modified_gmt":"2019-06-06T19:00:43","slug":"el-ies-simon-bolivar-firma-convenios-de-practica-docente-con-la-municipalidad-de-cordoba","status":"publish","type":"post","link":"https:\/\/iesbolivar-cba.infd.edu.ar\/sitio\/el-ies-simon-bolivar-firma-convenios-de-practica-docente-con-la-municipalidad-de-cordoba\/","title":{"rendered":"El IES Sim\u00f3n Bol\u00edvar firma convenios de Pr\u00e1ctica Docente con la Municipalidad de C\u00f3rdoba"},"content":{"rendered":"<div>\n<p>El pasado viernes 31 de mayo la Directora del IES Sim\u00f3n Bol\u00edvar, Prof. M\u00f3nica Francettic, junto a la profesora Patricia Jarchum, docente de Pr\u00e1ctica Docente III del Profesorado de Ingl\u00e9s, participaron de la Firma de Convenios de Pr\u00e1ctica Docente con Institutos de Formaci\u00f3n Docente organizado por la Secretar\u00eda de Educaci\u00f3n de la Municipalidad de C\u00f3rdoba.\u00a0Con este acto, se habilitaron nuevos\u00a0espacios de pr\u00e1ctica docente para nuestros estudiantes en las escuelas municipales.<\/p>\n<p><img decoding=\"async\" loading=\"lazy\" class=\"CToWUd a6T\" tabindex=\"0\" src=\"https:\/\/ci3.googleusercontent.com\/proxy\/W8ITRsApllt-Fh57abEldZY2JbyAiyEFttWfjKS9aL0yCOwi3buVLLSIBA6J_JG-8FWhX9aCKiqR_MgAUxXthl9OFSLQWwDjuoQz4bZwNW1VeZrfZBfJwSXVLvBEo6H0D8sp9UDO93oRGYfIeCG-un7azFv1UO06VOEbV5dDUDUNpvvepByr=s0-d-e1-ft#https:\/\/iesbolivar-cba.infd.edu.ar\/aula\/archivos\/repositorio\/\/2000\/2214\/WhatsApp_Image_2019-06-03_at_5.42.36_PM.jpeg\" alt=\"\" width=\"700\" height=\"391\" border=\"0\" \/><\/p>\n<p><img decoding=\"async\" loading=\"lazy\" class=\"CToWUd a6T\" tabindex=\"0\" src=\"https:\/\/ci4.googleusercontent.com\/proxy\/FyOlGaQibkNyjHi4PYc6N2CNbQlaoCn9k8RR8_9gH-CGyvs0HMEkteClQYMYPpc-ExEJss3niwZ7CmMPeeBN51xB5fp0G9ith81pTq-wZvcU-U9eqS-6GHl_R0264Z1o_DsPH0kvasQXTnDqr53xNIIJeKKlZ2gy66oOJdabcfaHzyMsj90bnZc=s0-d-e1-ft#https:\/\/iesbolivar-cba.infd.edu.ar\/aula\/archivos\/repositorio\/\/2000\/2216\/WhatsApp_Image_2019-06-03_at_5.42.36_PM_1.jpeg\" alt=\"\" width=\"700\" height=\"446\" border=\"0\" \/><\/p>\n<\/div>\n<p>&nbsp;<\/p>\n","protected":false},"excerpt":{"rendered":"<p>El pasado viernes 31 de mayo la Directora del IES Sim\u00f3n Bol\u00edvar, Prof. M\u00f3nica Francettic, junto a la profesora Patricia Jarchum, docente de Pr\u00e1ctica Docente III del Profesorado de Ingl\u00e9s, participaron de la Firma de Convenios de Pr\u00e1ctica Docente con Institutos de Formaci\u00f3n Docente organizado por la Secretar\u00eda de Educaci\u00f3n de la Municipalidad de C\u00f3rdoba.\u00a0Con &#8230; <a title=\"El IES Sim\u00f3n Bol\u00edvar firma convenios de Pr\u00e1ctica Docente con la Municipalidad de C\u00f3rdoba\" class=\"read-more\" href=\"https:\/\/iesbolivar-cba.infd.edu.ar\/sitio\/el-ies-simon-bolivar-firma-convenios-de-practica-docente-con-la-municipalidad-de-cordoba\/\" aria-label=\"More on El IES Sim\u00f3n Bol\u00edvar firma convenios de Pr\u00e1ctica Docente con la Municipalidad de C\u00f3rdoba\">[+]<\/a><\/p>\n","protected":false},"author":3377,"featured_media":0,"comment_status":"open","ping_status":"open","sticky":false,"template":"","format":"standard","meta":[],"categories":[6],"tags":[],"acf":[],"_links":{"self":[{"href":"https:\/\/iesbolivar-cba.infd.edu.ar\/sitio\/wp-json\/wp\/v2\/posts\/1889"}],"collection":[{"href":"https:\/\/iesbolivar-cba.infd.edu.ar\/sitio\/wp-json\/wp\/v2\/posts"}],"about":[{"href":"https:\/\/iesbolivar-cba.infd.edu.ar\/sitio\/wp-json\/wp\/v2\/types\/post"}],"author":[{"embeddable":true,"href":"https:\/\/iesbolivar-cba.infd.edu.ar\/sitio\/wp-json\/wp\/v2\/users\/3377"}],"replies":[{"embeddable":true,"href":"https:\/\/iesbolivar-cba.infd.edu.ar\/sitio\/wp-json\/wp\/v2\/comments?post=1889"}],"version-history":[{"count":1,"href":"https:\/\/iesbolivar-cba.infd.edu.ar\/sitio\/wp-json\/wp\/v2\/posts\/1889\/revisions"}],"predecessor-version":[{"id":1890,"href":"https:\/\/iesbolivar-cba.infd.edu.ar\/sitio\/wp-json\/wp\/v2\/posts\/1889\/revisions\/1890"}],"wp:attachment":[{"href":"https:\/\/iesbolivar-cba.infd.edu.ar\/sitio\/wp-json\/wp\/v2\/media?parent=1889"}],"wp:term":[{"taxonomy":"category","embeddable":true,"href":"https:\/\/iesbolivar-cba.infd.edu.ar\/sitio\/wp-json\/wp\/v2\/categories?post=1889"},{"taxonomy":"post_tag","embeddable":true,"href":"https:\/\/iesbolivar-cba.infd.edu.ar\/sitio\/wp-json\/wp\/v2\/tags?post=1889"}],"curies":[{"name":"wp","href":"https:\/\/api.w.org\/{rel}","templated":true}]}}