{"id":1875,"date":"2019-05-31T11:58:57","date_gmt":"2019-05-31T14:58:57","guid":{"rendered":"https:\/\/iesbolivar-cba.infd.edu.ar\/sitio\/?p=1875"},"modified":"2019-05-31T11:58:57","modified_gmt":"2019-05-31T14:58:57","slug":"donacion-de-la-biblioteca-nacional-de-maestros-al-simon-bolivar","status":"publish","type":"post","link":"https:\/\/iesbolivar-cba.infd.edu.ar\/sitio\/donacion-de-la-biblioteca-nacional-de-maestros-al-simon-bolivar\/","title":{"rendered":"Donaci\u00f3n de la Biblioteca Nacional de Maestros al Sim\u00f3n Bol\u00edvar"},"content":{"rendered":"<p>La Biblioteca Nacional de Maestros agradeci\u00f3 la colaboraci\u00f3n de la Biblioteca de IES Sim\u00f3n Bol\u00edvar en las acciones realizadas en torno al VIII Congreso de la Lengua con la donaci\u00f3n de tres ejemplares de im\u00e1genes de la invasi\u00f3n brit\u00e1nica. En especial, la Directora de la Biblioteca Nacional de Maestros destac\u00f3 la colaboraci\u00f3n y labor efectuada por la Directora del Sim\u00f3n Bol\u00edvar M\u00f3nica Francettic y de nuestro bibliotecario Julio Meli\u00e1n. Los ejemplares ya se pueden consultar en biblioteca.<\/p>\n<p><img decoding=\"async\" loading=\"lazy\" class=\"CToWUd a6T\" tabindex=\"0\" src=\"https:\/\/ci6.googleusercontent.com\/proxy\/VHlz1xDFKYtthIkZ88iTGYQC-obOTqvodDDtgcM0dNO3zUPFbVwXLMkOGOMRY85JystTDXoi-x0n9X6dpOOTNIbokZ0BcHGVoLKicw5rlRLq_A02uWcRNsHaB3JlMfhJ8eHvRSwJHeWde9s=s0-d-e1-ft#https:\/\/iesbolivar-cba.infd.edu.ar\/aula\/archivos\/repositorio\/\/2000\/2209\/tapadellibro.jpg\" alt=\"\" width=\"700\" height=\"672\" border=\"0\" \/><\/p>\n<p><img decoding=\"async\" loading=\"lazy\" class=\"CToWUd a6T\" tabindex=\"0\" src=\"https:\/\/ci4.googleusercontent.com\/proxy\/MWw1SpLhi-pnbELI4D2VnRDkFPK5jqHojEzkdBpYoF33pws5FsTtgi_t2IZDTFdHdrA20gzPfcORCZ8A4btxHWAc8TvnLbGoCwKoyut1OeibhwTcCLMcJEANIGDMC51dxFfKpezSPSfBuEeGm8k=s0-d-e1-ft#https:\/\/iesbolivar-cba.infd.edu.ar\/aula\/archivos\/repositorio\/\/2000\/2210\/20190530_173232.jpg\" alt=\"\" width=\"700\" height=\"382\" border=\"0\" \/><\/p>\n","protected":false},"excerpt":{"rendered":"<p>La Biblioteca Nacional de Maestros agradeci\u00f3 la colaboraci\u00f3n de la Biblioteca de IES Sim\u00f3n Bol\u00edvar en las acciones realizadas en torno al VIII Congreso de la Lengua con la donaci\u00f3n de tres ejemplares de im\u00e1genes de la invasi\u00f3n brit\u00e1nica. En especial, la Directora de la Biblioteca Nacional de Maestros destac\u00f3 la colaboraci\u00f3n y labor efectuada &#8230; <a title=\"Donaci\u00f3n de la Biblioteca Nacional de Maestros al Sim\u00f3n Bol\u00edvar\" class=\"read-more\" href=\"https:\/\/iesbolivar-cba.infd.edu.ar\/sitio\/donacion-de-la-biblioteca-nacional-de-maestros-al-simon-bolivar\/\" aria-label=\"More on Donaci\u00f3n de la Biblioteca Nacional de Maestros al Sim\u00f3n Bol\u00edvar\">[+]<\/a><\/p>\n","protected":false},"author":3377,"featured_media":0,"comment_status":"open","ping_status":"open","sticky":false,"template":"","format":"standard","meta":[],"categories":[6],"tags":[],"acf":[],"_links":{"self":[{"href":"https:\/\/iesbolivar-cba.infd.edu.ar\/sitio\/wp-json\/wp\/v2\/posts\/1875"}],"collection":[{"href":"https:\/\/iesbolivar-cba.infd.edu.ar\/sitio\/wp-json\/wp\/v2\/posts"}],"about":[{"href":"https:\/\/iesbolivar-cba.infd.edu.ar\/sitio\/wp-json\/wp\/v2\/types\/post"}],"author":[{"embeddable":true,"href":"https:\/\/iesbolivar-cba.infd.edu.ar\/sitio\/wp-json\/wp\/v2\/users\/3377"}],"replies":[{"embeddable":true,"href":"https:\/\/iesbolivar-cba.infd.edu.ar\/sitio\/wp-json\/wp\/v2\/comments?post=1875"}],"version-history":[{"count":1,"href":"https:\/\/iesbolivar-cba.infd.edu.ar\/sitio\/wp-json\/wp\/v2\/posts\/1875\/revisions"}],"predecessor-version":[{"id":1876,"href":"https:\/\/iesbolivar-cba.infd.edu.ar\/sitio\/wp-json\/wp\/v2\/posts\/1875\/revisions\/1876"}],"wp:attachment":[{"href":"https:\/\/iesbolivar-cba.infd.edu.ar\/sitio\/wp-json\/wp\/v2\/media?parent=1875"}],"wp:term":[{"taxonomy":"category","embeddable":true,"href":"https:\/\/iesbolivar-cba.infd.edu.ar\/sitio\/wp-json\/wp\/v2\/categories?post=1875"},{"taxonomy":"post_tag","embeddable":true,"href":"https:\/\/iesbolivar-cba.infd.edu.ar\/sitio\/wp-json\/wp\/v2\/tags?post=1875"}],"curies":[{"name":"wp","href":"https:\/\/api.w.org\/{rel}","templated":true}]}}