{"id":1868,"date":"2019-05-21T16:51:52","date_gmt":"2019-05-21T19:51:52","guid":{"rendered":"https:\/\/iesbolivar-cba.infd.edu.ar\/sitio\/?p=1868"},"modified":"2019-05-21T16:59:51","modified_gmt":"2019-05-21T19:59:51","slug":"semana-de-mayo-exposicion-de-facsimiles-de-documentos-de-la-primera-junta-en-la-biblioteca-del-ies-simon-bolivar","status":"publish","type":"post","link":"https:\/\/iesbolivar-cba.infd.edu.ar\/sitio\/semana-de-mayo-exposicion-de-facsimiles-de-documentos-de-la-primera-junta-en-la-biblioteca-del-ies-simon-bolivar\/","title":{"rendered":"Semana de Mayo | Exposici\u00f3n de facs\u00edmiles de documentos de la Primera Junta en la Biblioteca del IES Sim\u00f3n Bol\u00edvar"},"content":{"rendered":"<div>\n<div>En ocasi\u00f3n de la semana de mayo, la Biblioteca del IES Sim\u00f3n Bol\u00edvar expone facs\u00edmiles adquiridos en el Museo Hist\u00f3rico Nacional. Se trata de documentos hist\u00f3ricos firmados por los integrantes de la Primera Junta, entre otros.\u00a0Asimismo, junto a la exposici\u00f3n de facs\u00edmiles podr\u00e1 apreciarse un muestra de fotos de abanicos que incluye una explicaci\u00f3n sobre su simbolismo y usos cotidianos durante la Revoluci\u00f3n de Mayo.<\/div>\n<div><\/div>\n<div><img decoding=\"async\" loading=\"lazy\" class=\"CToWUd a6T\" tabindex=\"0\" src=\"https:\/\/ci6.googleusercontent.com\/proxy\/NCB6mS6bD61v7ikIWh4oh-u-_oKFeAsLiFtvmfYObvZoPjN-bfSmpFEjFx9VpEKS0L8ZvO6P8jh1fQHkXM0uY2ZA5_WUFEBlYLlHd4UE-WFe4k7F5XKnCtrBSC2UEyHtzeHFvbEGL9HWu3-bJjap3Sn6=s0-d-e1-ft#https:\/\/iesbolivar-cba.infd.edu.ar\/aula\/archivos\/repositorio\/\/2000\/2202\/20190520_185252_001.jpg\" width=\"699\" height=\"420\" border=\"0\" \/><\/div>\n<div><img decoding=\"async\" loading=\"lazy\" class=\"CToWUd a6T\" tabindex=\"0\" src=\"https:\/\/ci6.googleusercontent.com\/proxy\/NVJ1_-DxCqWTE57aR8K7B6JQVQBY11fv3XETDPaTjNZ7Q0xkjvbhZ1Gpl86xVq5BJk5lgdnrd5AOtvPch7bw3zy3v6vmc_Rd8dtmTj2zz6Rfz-KGgfdY9riT4A-frWPBdAp-OigXiqzD7DrvkyI=s0-d-e1-ft#https:\/\/iesbolivar-cba.infd.edu.ar\/aula\/archivos\/repositorio\/\/2000\/2203\/20190520_185222.jpg\" width=\"700\" height=\"377\" border=\"0\" \/><\/div>\n<div>\n<p><img decoding=\"async\" loading=\"lazy\" class=\"CToWUd a6T\" tabindex=\"0\" src=\"https:\/\/ci4.googleusercontent.com\/proxy\/ETphilVSLu0DAdnw5ISWTOdhYWVyy0UTrtfufgI-ZN28x-wZqfFD9k2IC17Gx_NJOuR5Bo_aZdoJrqOlyihkBCqACIWgCEgGzijmmkGI_DJBb84Ykk5twSvEWc6_NAPRiWDFFo1gjBoBXFVleI0=s0-d-e1-ft#https:\/\/iesbolivar-cba.infd.edu.ar\/aula\/archivos\/repositorio\/\/2000\/2201\/20190520_185310.jpg\" width=\"700\" height=\"412\" border=\"0\" \/><\/p>\n<\/div>\n<\/div>\n<p>&nbsp;<\/p>\n","protected":false},"excerpt":{"rendered":"<p>En ocasi\u00f3n de la semana de mayo, la Biblioteca del IES Sim\u00f3n Bol\u00edvar expone facs\u00edmiles adquiridos en el Museo Hist\u00f3rico Nacional. Se trata de documentos hist\u00f3ricos firmados por los integrantes de la Primera Junta, entre otros.\u00a0Asimismo, junto a la exposici\u00f3n de facs\u00edmiles podr\u00e1 apreciarse un muestra de fotos de abanicos que incluye una explicaci\u00f3n sobre &#8230; <a title=\"Semana de Mayo | Exposici\u00f3n de facs\u00edmiles de documentos de la Primera Junta en la Biblioteca del IES Sim\u00f3n Bol\u00edvar\" class=\"read-more\" href=\"https:\/\/iesbolivar-cba.infd.edu.ar\/sitio\/semana-de-mayo-exposicion-de-facsimiles-de-documentos-de-la-primera-junta-en-la-biblioteca-del-ies-simon-bolivar\/\" aria-label=\"More on Semana de Mayo | Exposici\u00f3n de facs\u00edmiles de documentos de la Primera Junta en la Biblioteca del IES Sim\u00f3n Bol\u00edvar\">[+]<\/a><\/p>\n","protected":false},"author":3377,"featured_media":0,"comment_status":"open","ping_status":"open","sticky":false,"template":"","format":"standard","meta":[],"categories":[6],"tags":[],"acf":[],"_links":{"self":[{"href":"https:\/\/iesbolivar-cba.infd.edu.ar\/sitio\/wp-json\/wp\/v2\/posts\/1868"}],"collection":[{"href":"https:\/\/iesbolivar-cba.infd.edu.ar\/sitio\/wp-json\/wp\/v2\/posts"}],"about":[{"href":"https:\/\/iesbolivar-cba.infd.edu.ar\/sitio\/wp-json\/wp\/v2\/types\/post"}],"author":[{"embeddable":true,"href":"https:\/\/iesbolivar-cba.infd.edu.ar\/sitio\/wp-json\/wp\/v2\/users\/3377"}],"replies":[{"embeddable":true,"href":"https:\/\/iesbolivar-cba.infd.edu.ar\/sitio\/wp-json\/wp\/v2\/comments?post=1868"}],"version-history":[{"count":4,"href":"https:\/\/iesbolivar-cba.infd.edu.ar\/sitio\/wp-json\/wp\/v2\/posts\/1868\/revisions"}],"predecessor-version":[{"id":1872,"href":"https:\/\/iesbolivar-cba.infd.edu.ar\/sitio\/wp-json\/wp\/v2\/posts\/1868\/revisions\/1872"}],"wp:attachment":[{"href":"https:\/\/iesbolivar-cba.infd.edu.ar\/sitio\/wp-json\/wp\/v2\/media?parent=1868"}],"wp:term":[{"taxonomy":"category","embeddable":true,"href":"https:\/\/iesbolivar-cba.infd.edu.ar\/sitio\/wp-json\/wp\/v2\/categories?post=1868"},{"taxonomy":"post_tag","embeddable":true,"href":"https:\/\/iesbolivar-cba.infd.edu.ar\/sitio\/wp-json\/wp\/v2\/tags?post=1868"}],"curies":[{"name":"wp","href":"https:\/\/api.w.org\/{rel}","templated":true}]}}