{"id":1825,"date":"2019-04-04T14:40:18","date_gmt":"2019-04-04T17:40:18","guid":{"rendered":"https:\/\/iesbolivar-cba.infd.edu.ar\/sitio\/?p=1825"},"modified":"2019-04-04T15:02:23","modified_gmt":"2019-04-04T18:02:23","slug":"acto-por-el-dia-nacional-de-la-memoria-en-el-simon-bolivar","status":"publish","type":"post","link":"https:\/\/iesbolivar-cba.infd.edu.ar\/sitio\/acto-por-el-dia-nacional-de-la-memoria-en-el-simon-bolivar\/","title":{"rendered":"Acto por el D\u00eda Nacional de la Memoria en el Sim\u00f3n Bol\u00edvar"},"content":{"rendered":"<p>El pasado viernes 29 de marzo se desarroll\u00f3 en nuestro Instituto el acto en conmemoraci\u00f3n del D\u00eda Nacional de la Memoria\u00a0por la Verdad y la Justicia. EL acto estuvo organizado por la c\u00e1tedra de \u201cHistoria y Pol\u00edtica de la Educaci\u00f3n Argentina\u201d de los\u00a0Profesorados de Educaci\u00f3n Secundaria en F\u00edsica, Geograf\u00eda, Matem\u00e1tica, Lengua y Literatura, a cargo de la Profesora Nancy Alice\u00a0V\u00e1zquez.<\/p>\n<p>En la conmemoraci\u00f3n participaron como invitados especiales Ana Mar\u00eda Mariani, periodista y autora de libros que indagan en\u00a0actores, hechos y lugares vinculados al periodo de la Dictadura Militar, como \u00abLa Cuca\u00bb, una investigaci\u00f3n sobre Mirta Graciela\u00a0Ant\u00f3n, la \u00fanica mujer condenada a cadena perpetua por delitos de lesa humanidad o \u00abLa Perla: historia y testimonios de un campo\u00a0de concentraci\u00f3n\u00bb. Adem\u00e1s, intervinieron con sus relatos y testimonios Gustavo Godoy, representante de HIJOS, y Mario Paredes,\u00a0Director del Campo de la Ribera. Finalmente, Pilar \u00c1lvarez, del Conservatorio Johann Sebastian Bach, realiz\u00f3 una interpretaci\u00f3n\u00a0especial para la ocasi\u00f3n.<\/p>\n<p><img decoding=\"async\" loading=\"lazy\" class=\"alignnone size-full wp-image-1826\" src=\"https:\/\/iesbolivar-cba.infd.edu.ar\/sitio\/wp-content\/uploads\/2019\/04\/WhatsApp-Image-2019-04-01-at-4.34.23-PM-3.jpeg\" alt=\"\" width=\"700\" height=\"422\" \/> <img decoding=\"async\" loading=\"lazy\" class=\"alignnone size-medium wp-image-1827\" src=\"https:\/\/iesbolivar-cba.infd.edu.ar\/sitio\/wp-content\/uploads\/2019\/04\/WhatsApp-Image-2019-04-01-at-4.34.22-PM-1-1.jpeg\" alt=\"\" width=\"700\" height=\"354\" \/> <img decoding=\"async\" loading=\"lazy\" class=\"alignnone size-medium wp-image-1828\" src=\"https:\/\/iesbolivar-cba.infd.edu.ar\/sitio\/wp-content\/uploads\/2019\/04\/WhatsApp-Image-2019-04-01-at-4.34.22-PM-3.jpeg\" alt=\"\" width=\"700\" height=\"354\" \/> <img decoding=\"async\" loading=\"lazy\" class=\"alignnone size-medium wp-image-1829\" src=\"https:\/\/iesbolivar-cba.infd.edu.ar\/sitio\/wp-content\/uploads\/2019\/04\/WhatsApp-Image-2019-04-01-at-4.33.25-PM-1.jpeg\" alt=\"\" width=\"700\" height=\"445\" \/> <img decoding=\"async\" loading=\"lazy\" class=\"alignnone size-medium wp-image-1830\" src=\"https:\/\/iesbolivar-cba.infd.edu.ar\/sitio\/wp-content\/uploads\/2019\/04\/WhatsApp-Image-2019-04-01-at-7.08.12-PM-1.jpeg\" alt=\"\" width=\"700\" height=\"431\" \/> <img decoding=\"async\" loading=\"lazy\" class=\"alignnone size-medium wp-image-1831\" src=\"https:\/\/iesbolivar-cba.infd.edu.ar\/sitio\/wp-content\/uploads\/2019\/04\/WhatsApp-Image-2019-04-01-at-7.08.13-PM-1-1.jpeg\" alt=\"\" width=\"700\" height=\"414\" \/><\/p>\n","protected":false},"excerpt":{"rendered":"<p>El pasado viernes 29 de marzo se desarroll\u00f3 en nuestro Instituto el acto en conmemoraci\u00f3n del D\u00eda Nacional de la Memoria\u00a0por la Verdad y la Justicia. EL acto estuvo organizado por la c\u00e1tedra de \u201cHistoria y Pol\u00edtica de la Educaci\u00f3n Argentina\u201d de los\u00a0Profesorados de Educaci\u00f3n Secundaria en F\u00edsica, Geograf\u00eda, Matem\u00e1tica, Lengua y Literatura, a cargo &#8230; <a title=\"Acto por el D\u00eda Nacional de la Memoria en el Sim\u00f3n Bol\u00edvar\" class=\"read-more\" href=\"https:\/\/iesbolivar-cba.infd.edu.ar\/sitio\/acto-por-el-dia-nacional-de-la-memoria-en-el-simon-bolivar\/\" aria-label=\"More on Acto por el D\u00eda Nacional de la Memoria en el Sim\u00f3n Bol\u00edvar\">[+]<\/a><\/p>\n","protected":false},"author":3377,"featured_media":0,"comment_status":"open","ping_status":"open","sticky":false,"template":"","format":"standard","meta":[],"categories":[6],"tags":[],"acf":[],"_links":{"self":[{"href":"https:\/\/iesbolivar-cba.infd.edu.ar\/sitio\/wp-json\/wp\/v2\/posts\/1825"}],"collection":[{"href":"https:\/\/iesbolivar-cba.infd.edu.ar\/sitio\/wp-json\/wp\/v2\/posts"}],"about":[{"href":"https:\/\/iesbolivar-cba.infd.edu.ar\/sitio\/wp-json\/wp\/v2\/types\/post"}],"author":[{"embeddable":true,"href":"https:\/\/iesbolivar-cba.infd.edu.ar\/sitio\/wp-json\/wp\/v2\/users\/3377"}],"replies":[{"embeddable":true,"href":"https:\/\/iesbolivar-cba.infd.edu.ar\/sitio\/wp-json\/wp\/v2\/comments?post=1825"}],"version-history":[{"count":4,"href":"https:\/\/iesbolivar-cba.infd.edu.ar\/sitio\/wp-json\/wp\/v2\/posts\/1825\/revisions"}],"predecessor-version":[{"id":1836,"href":"https:\/\/iesbolivar-cba.infd.edu.ar\/sitio\/wp-json\/wp\/v2\/posts\/1825\/revisions\/1836"}],"wp:attachment":[{"href":"https:\/\/iesbolivar-cba.infd.edu.ar\/sitio\/wp-json\/wp\/v2\/media?parent=1825"}],"wp:term":[{"taxonomy":"category","embeddable":true,"href":"https:\/\/iesbolivar-cba.infd.edu.ar\/sitio\/wp-json\/wp\/v2\/categories?post=1825"},{"taxonomy":"post_tag","embeddable":true,"href":"https:\/\/iesbolivar-cba.infd.edu.ar\/sitio\/wp-json\/wp\/v2\/tags?post=1825"}],"curies":[{"name":"wp","href":"https:\/\/api.w.org\/{rel}","templated":true}]}}