{"id":1801,"date":"2019-03-11T15:14:40","date_gmt":"2019-03-11T18:14:40","guid":{"rendered":"https:\/\/iesbolivar-cba.infd.edu.ar\/sitio\/?p=1801"},"modified":"2019-03-11T15:14:40","modified_gmt":"2019-03-11T18:14:40","slug":"las-bibliotecas-archivos-y-museos-se-reuniran-nuevamente-para-tratar-temas-comunes-a-sus-intereses","status":"publish","type":"post","link":"https:\/\/iesbolivar-cba.infd.edu.ar\/sitio\/las-bibliotecas-archivos-y-museos-se-reuniran-nuevamente-para-tratar-temas-comunes-a-sus-intereses\/","title":{"rendered":"Las Bibliotecas, Archivos y Museos se reunir\u00e1n nuevamente para tratar temas comunes a sus intereses"},"content":{"rendered":"<p>La Comisi\u00f3n Organizadora Permanente de las Jornadas Nacionales de Bibliotecas Archivos y Museos comunica e invita a la XI edici\u00f3n de las JOBAM 2019.\u00a0 El evento se realizar\u00e1 los d\u00edas <strong>15, 16 y 17 de agosto de 2019\u00a0<\/strong>en la ciudad de C\u00f3rdoba bajo el lema <strong>\u201cConstrucci\u00f3n de ciudadan\u00eda, identidad y pr\u00e1ctica profesional en<\/strong> <strong>bibliotecas, archivos y museos\u201d.\u00a0<\/strong>La sedes de esta jornada ser\u00e1n la Biblioteca Mayor de la Universidad Nacional de C\u00f3rdoba (UNC) y la Estancia jesu\u00edtica de Jes\u00fas Mar\u00eda y la coordinaci\u00f3n general de la XI JOBAM y sedes anfitrionas estar\u00e1 a cargo del Bibl. Julio Meli\u00e1n, Director de la Biblioteca del Hospital Nacional de Cl\u00ednicas (C\u00f3rdoba), profesor adjunto en la UNLAR, profesor adscripto en la UNC y bibliotecario del IES Sim\u00f3n Bol\u00edvar, Instituci\u00f3n que integra, por otra parte, el Comit\u00e9 Honorario.<\/p>\n<p>Las JOBAM son libres y gratuitas. M\u00e1s informaci\u00f3n <a href=\"https:\/\/iesbolivar-cba.infd.edu.ar\/sitio\/wp-content\/uploads\/2019\/03\/Cirdular-01-XI-JOBAM.pdf\">aqu\u00ed<\/a><\/p>\n<p><strong>Datos de contacto<\/strong>:\u00a0<a href=\"mailto:xijobamcordoba2019@gmail.com\">xijobamcordoba2019@gmail.com<\/a><\/p>\n<p>&nbsp;<\/p>\n","protected":false},"excerpt":{"rendered":"<p>La Comisi\u00f3n Organizadora Permanente de las Jornadas Nacionales de Bibliotecas Archivos y Museos comunica e invita a la XI edici\u00f3n de las JOBAM 2019.\u00a0 El evento se realizar\u00e1 los d\u00edas 15, 16 y 17 de agosto de 2019\u00a0en la ciudad de C\u00f3rdoba bajo el lema \u201cConstrucci\u00f3n de ciudadan\u00eda, identidad y pr\u00e1ctica profesional en bibliotecas, archivos &#8230; <a title=\"Las Bibliotecas, Archivos y Museos se reunir\u00e1n nuevamente para tratar temas comunes a sus intereses\" class=\"read-more\" href=\"https:\/\/iesbolivar-cba.infd.edu.ar\/sitio\/las-bibliotecas-archivos-y-museos-se-reuniran-nuevamente-para-tratar-temas-comunes-a-sus-intereses\/\" aria-label=\"More on Las Bibliotecas, Archivos y Museos se reunir\u00e1n nuevamente para tratar temas comunes a sus intereses\">[+]<\/a><\/p>\n","protected":false},"author":3377,"featured_media":0,"comment_status":"open","ping_status":"open","sticky":false,"template":"","format":"standard","meta":[],"categories":[6],"tags":[],"acf":[],"_links":{"self":[{"href":"https:\/\/iesbolivar-cba.infd.edu.ar\/sitio\/wp-json\/wp\/v2\/posts\/1801"}],"collection":[{"href":"https:\/\/iesbolivar-cba.infd.edu.ar\/sitio\/wp-json\/wp\/v2\/posts"}],"about":[{"href":"https:\/\/iesbolivar-cba.infd.edu.ar\/sitio\/wp-json\/wp\/v2\/types\/post"}],"author":[{"embeddable":true,"href":"https:\/\/iesbolivar-cba.infd.edu.ar\/sitio\/wp-json\/wp\/v2\/users\/3377"}],"replies":[{"embeddable":true,"href":"https:\/\/iesbolivar-cba.infd.edu.ar\/sitio\/wp-json\/wp\/v2\/comments?post=1801"}],"version-history":[{"count":1,"href":"https:\/\/iesbolivar-cba.infd.edu.ar\/sitio\/wp-json\/wp\/v2\/posts\/1801\/revisions"}],"predecessor-version":[{"id":1803,"href":"https:\/\/iesbolivar-cba.infd.edu.ar\/sitio\/wp-json\/wp\/v2\/posts\/1801\/revisions\/1803"}],"wp:attachment":[{"href":"https:\/\/iesbolivar-cba.infd.edu.ar\/sitio\/wp-json\/wp\/v2\/media?parent=1801"}],"wp:term":[{"taxonomy":"category","embeddable":true,"href":"https:\/\/iesbolivar-cba.infd.edu.ar\/sitio\/wp-json\/wp\/v2\/categories?post=1801"},{"taxonomy":"post_tag","embeddable":true,"href":"https:\/\/iesbolivar-cba.infd.edu.ar\/sitio\/wp-json\/wp\/v2\/tags?post=1801"}],"curies":[{"name":"wp","href":"https:\/\/api.w.org\/{rel}","templated":true}]}}