{"id":1795,"date":"2019-03-07T15:29:00","date_gmt":"2019-03-07T18:29:00","guid":{"rendered":"https:\/\/iesbolivar-cba.infd.edu.ar\/sitio\/?p=1795"},"modified":"2019-03-07T15:32:26","modified_gmt":"2019-03-07T18:32:26","slug":"inscripcion-a-becas-de-nivel-superior-hasta-el-31-de-marzo","status":"publish","type":"post","link":"https:\/\/iesbolivar-cba.infd.edu.ar\/sitio\/inscripcion-a-becas-de-nivel-superior-hasta-el-31-de-marzo\/","title":{"rendered":"Inscripci\u00f3n a Becas de Nivel Superior | Hasta el 31 de marzo"},"content":{"rendered":"<p style=\"font-weight: 400;\">Hasta el <strong>31 de marzo<\/strong> inclusive, se encuentra abierta la inscripci\u00f3n para las <strong>becas destinadas\u00a0<\/strong>a estudiantes de Nivel Superior. El tr\u00e1mite se realiza a trav\u00e9s de la p\u00e1gina web\u00a0<a href=\"https:\/\/becasprogresar.educacion.gob.ar\/\" data-saferedirecturl=\"https:\/\/www.google.com\/url?q=https:\/\/becasprogresar.educacion.gob.ar\/&amp;source=gmail&amp;ust=1552059460543000&amp;usg=AFQjCNF-ffPmocNoPMZQebpxsj6_NSpnvQ\">https:\/\/becasprogresar.educacion.gob.ar<\/a>\u00a0y es importante que se tenga en cuenta lo siguiente:<\/p>\n<p style=\"font-weight: 400;\">&#8211; Los postulantes s\u00f3lo podr\u00e1n inscribirse en\u00a0<strong><u>una<\/u><\/strong>\u00a0l\u00ednea de beca.<\/p>\n<p style=\"font-weight: 400;\">&#8211; La inscripci\u00f3n consta de<strong>\u00a0tres pasos<\/strong>:<\/p>\n<p style=\"font-weight: 400;\">\u00a0 \u00a0 \u00a0 \u00a0 \u00a0 \u00a01- Completar datos personales<\/p>\n<p style=\"font-weight: 400;\">\u00a0 \u00a0 \u00a0 \u00a0 \u00a0 \u00a02-\u00a0 Encuesta<\/p>\n<p style=\"font-weight: 400;\">\u00a0 \u00a0 \u00a0 \u00a0 \u00a0 \u00a03-\u00a0 Datos acad\u00e9micos (eligen l\u00ednea de beca donde se postular\u00e1n) y\u00a0<strong>FINALIZAR INSCRIPCI\u00d3N<\/strong>.<\/p>\n<p style=\"font-weight: 400;\">&#8211; En el proceso de inscripci\u00f3n se puede guardar parcialmente la informaci\u00f3n pero se debe<u>\u00a0FINALIZAR INSCRIPCI\u00d3N<\/u>\u00a0para postularse a la beca.<\/p>\n<p style=\"font-weight: 400;\">&#8211; La informaci\u00f3n que se coloque en Datos Personales y Datos acad\u00e9micos es una Declaraci\u00f3n Jurada, los datos que all\u00ed coloque\u00a0<strong>NO<\/strong>\u00a0podr\u00e1n ser modificados una vez finalizada la inscripci\u00f3n.<\/p>\n<p style=\"font-weight: 400;\">-Si e postulante no recuerdan su usuario y contrase\u00f1a puede comunicarse al\u00a0<strong>0800-999-1066.<\/strong><\/p>\n<p style=\"font-weight: 400;\"><span style=\"color: #ff6600; font-size: 1.25rem;\"><strong>L\u00edneas de Becas:<\/strong><\/span><\/p>\n<p style=\"font-weight: 400;\">\u00a0&#8211;\u00a0<strong>Becas Progresar:\u00a0<\/strong>Para estudiantes de nivel terciario y universitarios que cursen en una instituci\u00f3n de gesti\u00f3n estatal. Deben re-inscribirse todos aunque ya hayan sido becarios en 2018. (inscripci\u00f3n del 1 al 31 de marzo)<\/p>\n<p style=\"font-weight: 400;\">\u00a0&#8211;<strong>Compromiso docente:\u00a0<\/strong>Deben inscribirse los becarios 2018, y para nuevos postulantes s\u00f3lo esta disponible para aquellos que en el 2018 hayan quedado fuera de la beca por no tener cupo en la jurisdicci\u00f3n (inscripci\u00f3n del 1 al 31 de marzo). S\u00f3lo estar\u00e1n\u00a0disponibles los profesorados que hayan sido priorizados por la regi\u00f3n.<\/p>\n<p style=\"font-weight: 400;\">&#8211;<strong>Pueblos originarios:\u00a0<\/strong>Para estudiantes de formaci\u00f3n docente que pertenezcan a un pueblo originario. Deben re-inscribirse todos aunque ya hayan sido becarios en 2018 (inscripci\u00f3n del 1 al 31 de marzo).<\/p>\n<p style=\"font-weight: 400;\">&#8211;<strong>Est\u00edmulos Econ\u00f3micos y Est\u00edmulos Econ\u00f3micos para Pueblos Originarios:\u00a0<\/strong>Deben actualizar su informaci\u00f3n aquellos que son becarios de esta l\u00ednea. No est\u00e1 abierta la inscripci\u00f3n para nuevos postulantes.\u00a0( La actualizaci\u00f3n de informaci\u00f3n estar\u00e1 disponible del 1 al 30 de abril).<\/p>\n<p style=\"font-weight: 400;\">\n","protected":false},"excerpt":{"rendered":"<p>Hasta el 31 de marzo inclusive, se encuentra abierta la inscripci\u00f3n para las becas destinadas\u00a0a estudiantes de Nivel Superior. El tr\u00e1mite se realiza a trav\u00e9s de la p\u00e1gina web\u00a0https:\/\/becasprogresar.educacion.gob.ar\u00a0y es importante que se tenga en cuenta lo siguiente: &#8211; Los postulantes s\u00f3lo podr\u00e1n inscribirse en\u00a0una\u00a0l\u00ednea de beca. &#8211; La inscripci\u00f3n consta de\u00a0tres pasos: \u00a0 \u00a0 &#8230; <a title=\"Inscripci\u00f3n a Becas de Nivel Superior | Hasta el 31 de marzo\" class=\"read-more\" href=\"https:\/\/iesbolivar-cba.infd.edu.ar\/sitio\/inscripcion-a-becas-de-nivel-superior-hasta-el-31-de-marzo\/\" aria-label=\"More on Inscripci\u00f3n a Becas de Nivel Superior | Hasta el 31 de marzo\">[+]<\/a><\/p>\n","protected":false},"author":3377,"featured_media":0,"comment_status":"open","ping_status":"open","sticky":false,"template":"","format":"standard","meta":[],"categories":[9],"tags":[],"acf":[],"_links":{"self":[{"href":"https:\/\/iesbolivar-cba.infd.edu.ar\/sitio\/wp-json\/wp\/v2\/posts\/1795"}],"collection":[{"href":"https:\/\/iesbolivar-cba.infd.edu.ar\/sitio\/wp-json\/wp\/v2\/posts"}],"about":[{"href":"https:\/\/iesbolivar-cba.infd.edu.ar\/sitio\/wp-json\/wp\/v2\/types\/post"}],"author":[{"embeddable":true,"href":"https:\/\/iesbolivar-cba.infd.edu.ar\/sitio\/wp-json\/wp\/v2\/users\/3377"}],"replies":[{"embeddable":true,"href":"https:\/\/iesbolivar-cba.infd.edu.ar\/sitio\/wp-json\/wp\/v2\/comments?post=1795"}],"version-history":[{"count":2,"href":"https:\/\/iesbolivar-cba.infd.edu.ar\/sitio\/wp-json\/wp\/v2\/posts\/1795\/revisions"}],"predecessor-version":[{"id":1800,"href":"https:\/\/iesbolivar-cba.infd.edu.ar\/sitio\/wp-json\/wp\/v2\/posts\/1795\/revisions\/1800"}],"wp:attachment":[{"href":"https:\/\/iesbolivar-cba.infd.edu.ar\/sitio\/wp-json\/wp\/v2\/media?parent=1795"}],"wp:term":[{"taxonomy":"category","embeddable":true,"href":"https:\/\/iesbolivar-cba.infd.edu.ar\/sitio\/wp-json\/wp\/v2\/categories?post=1795"},{"taxonomy":"post_tag","embeddable":true,"href":"https:\/\/iesbolivar-cba.infd.edu.ar\/sitio\/wp-json\/wp\/v2\/tags?post=1795"}],"curies":[{"name":"wp","href":"https:\/\/api.w.org\/{rel}","templated":true}]}}