{"id":1736,"date":"2018-12-20T16:22:30","date_gmt":"2018-12-20T19:22:30","guid":{"rendered":"https:\/\/iesbolivar-cba.infd.edu.ar\/sitio\/?p=1736"},"modified":"2018-12-20T16:22:30","modified_gmt":"2018-12-20T19:22:30","slug":"anuario-2018-del-ies-simon-bolivar","status":"publish","type":"post","link":"https:\/\/iesbolivar-cba.infd.edu.ar\/sitio\/anuario-2018-del-ies-simon-bolivar\/","title":{"rendered":"Anuario 2018 del IES Sim\u00f3n Bol\u00edvar"},"content":{"rendered":"<p>Estimada comunidad bolivariana,<\/p>\n<p>Las noticias a veces pasan sin tras-pasarnos, aceleradamente, por eso es necesario mirarlas de otra manera para reconocer los hechos, todo lo que sucedi\u00f3, lo que fuimos construyendo, lo logrado.<\/p>\n<p>Porque si bien entendemos que la formaci\u00f3n de los docentes transcurre tradicionalmente en las aulas, creemos con total convicci\u00f3n que tambi\u00e9n en los espacios alternativos y diversos se configuran aprendizajes y significados potentes. Museos, bibliotecas, conversatorios, videos, paneles, etc. son muchas de las actividades que \u201cno son m\u00e1s de lo mismo\u201d, y posiblemente ese sea el car\u00e1cter transformador de la ense\u00f1anza que ocurre en ellas.<\/p>\n<p>La pedagoga Andrea Alliaud, en uno de sus \u00faltimos libros \u201cLos artesanos de la ense\u00f1anza\u201d, define a \u00e9sta como la labor de un artesano. En una de sus acepciones, explica que el artesano es aquel que hace bien su trabajo por el simple hecho de hacerlo bien. Hay un compromiso y una dedicaci\u00f3n en la tarea. Se podr\u00e1 apreciar en este Anuario 2018 esta labor de artesano, de profesores y estudiantes, y por eso queremos compartirlo con todos y todas ustedes.<\/p>\n<p>Que tengan felices fiestas y un reparador descanso!!!<\/p>\n<p>Prof. M\u00f3nica Francettic.<br \/>\nDirectora.<\/p>\n<p>Prof. Rafael Herrera.<br \/>\nVicedirector.<\/p>\n<p><strong>DESCARGAR ANUARIO &gt;&gt; Hacer clic\u00a0<a title=\"https:\/\/drive.google.com\/file\/d\/14ty8cSdyw6CGkl4wJTyts-SW8h3kU-z6\/view?usp=sharing\" href=\"https:\/\/drive.google.com\/file\/d\/14ty8cSdyw6CGkl4wJTyts-SW8h3kU-z6\/view?usp=sharing\" target=\"_blank\" rel=\"noopener\" data-saferedirecturl=\"https:\/\/www.google.com\/url?q=https:\/\/drive.google.com\/file\/d\/14ty8cSdyw6CGkl4wJTyts-SW8h3kU-z6\/view?usp%3Dsharing&amp;source=gmail&amp;ust=1545418323996000&amp;usg=AFQjCNGXkjZqH4RXLbchiCsIeF8ku1Tr1A\">aqu\u00ed<\/a><\/strong><\/p>\n<p><img decoding=\"async\" class=\"CToWUd a6T\" tabindex=\"0\" src=\"https:\/\/ci6.googleusercontent.com\/proxy\/X-DIQLLrHb7aSiJlGltKUkp-bP2k3mgKrQp2nhjBEV0ngnprotzQYk-fEPEr0AyxCPFH0ODoEsUSsTXSftbveagau8ByokEZ4cnqjsN4tj83wlTJbF6Oz6phOLGV8fzjZ1j4Wre6=s0-d-e1-ft#https:\/\/iesbolivar-cba.infd.edu.ar\/aula\/archivos\/repositorio\/\/1500\/1690\/anuario.png\" border=\"0\" \/><\/p>\n","protected":false},"excerpt":{"rendered":"<p>Estimada comunidad bolivariana, Las noticias a veces pasan sin tras-pasarnos, aceleradamente, por eso es necesario mirarlas de otra manera para reconocer los hechos, todo lo que sucedi\u00f3, lo que fuimos construyendo, lo logrado. Porque si bien entendemos que la formaci\u00f3n de los docentes transcurre tradicionalmente en las aulas, creemos con total convicci\u00f3n que tambi\u00e9n en &#8230; <a title=\"Anuario 2018 del IES Sim\u00f3n Bol\u00edvar\" class=\"read-more\" href=\"https:\/\/iesbolivar-cba.infd.edu.ar\/sitio\/anuario-2018-del-ies-simon-bolivar\/\" aria-label=\"More on Anuario 2018 del IES Sim\u00f3n Bol\u00edvar\">[+]<\/a><\/p>\n","protected":false},"author":3377,"featured_media":0,"comment_status":"open","ping_status":"open","sticky":false,"template":"","format":"standard","meta":[],"categories":[6],"tags":[],"acf":[],"_links":{"self":[{"href":"https:\/\/iesbolivar-cba.infd.edu.ar\/sitio\/wp-json\/wp\/v2\/posts\/1736"}],"collection":[{"href":"https:\/\/iesbolivar-cba.infd.edu.ar\/sitio\/wp-json\/wp\/v2\/posts"}],"about":[{"href":"https:\/\/iesbolivar-cba.infd.edu.ar\/sitio\/wp-json\/wp\/v2\/types\/post"}],"author":[{"embeddable":true,"href":"https:\/\/iesbolivar-cba.infd.edu.ar\/sitio\/wp-json\/wp\/v2\/users\/3377"}],"replies":[{"embeddable":true,"href":"https:\/\/iesbolivar-cba.infd.edu.ar\/sitio\/wp-json\/wp\/v2\/comments?post=1736"}],"version-history":[{"count":1,"href":"https:\/\/iesbolivar-cba.infd.edu.ar\/sitio\/wp-json\/wp\/v2\/posts\/1736\/revisions"}],"predecessor-version":[{"id":1737,"href":"https:\/\/iesbolivar-cba.infd.edu.ar\/sitio\/wp-json\/wp\/v2\/posts\/1736\/revisions\/1737"}],"wp:attachment":[{"href":"https:\/\/iesbolivar-cba.infd.edu.ar\/sitio\/wp-json\/wp\/v2\/media?parent=1736"}],"wp:term":[{"taxonomy":"category","embeddable":true,"href":"https:\/\/iesbolivar-cba.infd.edu.ar\/sitio\/wp-json\/wp\/v2\/categories?post=1736"},{"taxonomy":"post_tag","embeddable":true,"href":"https:\/\/iesbolivar-cba.infd.edu.ar\/sitio\/wp-json\/wp\/v2\/tags?post=1736"}],"curies":[{"name":"wp","href":"https:\/\/api.w.org\/{rel}","templated":true}]}}