{"id":1728,"date":"2018-11-27T14:17:10","date_gmt":"2018-11-27T17:17:10","guid":{"rendered":"https:\/\/iesbolivar-cba.infd.edu.ar\/sitio\/?p=1728"},"modified":"2018-11-27T14:17:10","modified_gmt":"2018-11-27T17:17:10","slug":"el-ies-simon-bolivar-recibio-una-coleccion-de-42-libros-vinculados-a-la-ensenanza-los-procesos-de-aprendizaje-y-la-formacion-docente","status":"publish","type":"post","link":"https:\/\/iesbolivar-cba.infd.edu.ar\/sitio\/el-ies-simon-bolivar-recibio-una-coleccion-de-42-libros-vinculados-a-la-ensenanza-los-procesos-de-aprendizaje-y-la-formacion-docente\/","title":{"rendered":"El IES Sim\u00f3n Bol\u00edvar recibi\u00f3 una colecci\u00f3n de 42 libros vinculados a la ense\u00f1anza, los procesos de aprendizaje y la formaci\u00f3n docente"},"content":{"rendered":"<p>El Sim\u00f3n Bol\u00edvar recibi\u00f3 una colecci\u00f3n especializada de libros entregada por el Ministerio de Educaci\u00f3n, Cultura, Ciencia y Tecnolog\u00eda de la Naci\u00f3n, a trav\u00e9s del Instituto Nacional de Formaci\u00f3n Docente (INFoD).<\/p>\n<p>La colecci\u00f3n tiene como prop\u00f3sito contribuir a la mejora de la calidad de la formaci\u00f3n docente inicial. La misma se titula\u00a0\u201cIdeas que ense\u00f1an\u201d y est\u00e1 compuesta por 42 obras que incluyen t\u00edtulos cl\u00e1sicos de la literatura pedag\u00f3gica, como Dewey, Montesori, Freire, Bruner, Piaget o Vigotsky, y obras contempor\u00e1neas, nacionales e internacional (ver el listado completo\u00a0<a title=\"https:\/\/red.infd.edu.ar\/articulos\/wp-content\/uploads\/2018\/11\/Ideas-que-ense_titulos.pdf\" href=\"https:\/\/red.infd.edu.ar\/articulos\/wp-content\/uploads\/2018\/11\/Ideas-que-ense_titulos.pdf\" target=\"_NEW\" rel=\"noopener\" data-saferedirecturl=\"https:\/\/www.google.com\/url?q=https:\/\/red.infd.edu.ar\/articulos\/wp-content\/uploads\/2018\/11\/Ideas-que-ense_titulos.pdf&amp;source=gmail&amp;ust=1543425290036000&amp;usg=AFQjCNGuTNDasDvU3e03oe4D9m02oJRK4Q\">aqu\u00ed<\/a>).<\/p>\n<p>Los libros est\u00e1n disponibles en la Biblioteca del Instituto solo para su consulta en sala.<\/p>\n<p><img decoding=\"async\" class=\"CToWUd a6T\" src=\"https:\/\/ci4.googleusercontent.com\/proxy\/gwzFt73kp_vl7pZ_ySq6DILSE4bK6QD9Ok2V_o9C9VLdlkjpKgoAzjW0GlDyUba-0hngLORVbxOZQqarCgLv19jFOA9Grfbzj2q9GtK2psV_5qIsXGXt2zv461-Er_3792UyzQt04A=s0-d-e1-ft#https:\/\/iesbolivar-cba.infd.edu.ar\/aula\/archivos\/repositorio\/\/1500\/1671\/DSC08095.jpg\" width=\"700\" border=\"0\" \/><\/p>\n<p><img decoding=\"async\" class=\"CToWUd a6T\" src=\"https:\/\/ci5.googleusercontent.com\/proxy\/KUjNBx2YmzSTP_jjcLxrbmuisB6B5ZqxhqAiDqtCQXH44ByAHWWw2D9KZoASV0EbOElC6ivsAz1in7-sTHsN_aVT9quWOYrYZfPOpHpXWMpSrLt9EDT6mfaSj2FcOSRZvAYGh6uZxA=s0-d-e1-ft#https:\/\/iesbolivar-cba.infd.edu.ar\/aula\/archivos\/repositorio\/\/1500\/1670\/DSC08091.jpg\" width=\"700\" border=\"0\" \/><\/p>\n","protected":false},"excerpt":{"rendered":"<p>El Sim\u00f3n Bol\u00edvar recibi\u00f3 una colecci\u00f3n especializada de libros entregada por el Ministerio de Educaci\u00f3n, Cultura, Ciencia y Tecnolog\u00eda de la Naci\u00f3n, a trav\u00e9s del Instituto Nacional de Formaci\u00f3n Docente (INFoD). La colecci\u00f3n tiene como prop\u00f3sito contribuir a la mejora de la calidad de la formaci\u00f3n docente inicial. La misma se titula\u00a0\u201cIdeas que ense\u00f1an\u201d y &#8230; <a title=\"El IES Sim\u00f3n Bol\u00edvar recibi\u00f3 una colecci\u00f3n de 42 libros vinculados a la ense\u00f1anza, los procesos de aprendizaje y la formaci\u00f3n docente\" class=\"read-more\" href=\"https:\/\/iesbolivar-cba.infd.edu.ar\/sitio\/el-ies-simon-bolivar-recibio-una-coleccion-de-42-libros-vinculados-a-la-ensenanza-los-procesos-de-aprendizaje-y-la-formacion-docente\/\" aria-label=\"More on El IES Sim\u00f3n Bol\u00edvar recibi\u00f3 una colecci\u00f3n de 42 libros vinculados a la ense\u00f1anza, los procesos de aprendizaje y la formaci\u00f3n docente\">[+]<\/a><\/p>\n","protected":false},"author":3377,"featured_media":0,"comment_status":"open","ping_status":"open","sticky":false,"template":"","format":"standard","meta":[],"categories":[6],"tags":[],"acf":[],"_links":{"self":[{"href":"https:\/\/iesbolivar-cba.infd.edu.ar\/sitio\/wp-json\/wp\/v2\/posts\/1728"}],"collection":[{"href":"https:\/\/iesbolivar-cba.infd.edu.ar\/sitio\/wp-json\/wp\/v2\/posts"}],"about":[{"href":"https:\/\/iesbolivar-cba.infd.edu.ar\/sitio\/wp-json\/wp\/v2\/types\/post"}],"author":[{"embeddable":true,"href":"https:\/\/iesbolivar-cba.infd.edu.ar\/sitio\/wp-json\/wp\/v2\/users\/3377"}],"replies":[{"embeddable":true,"href":"https:\/\/iesbolivar-cba.infd.edu.ar\/sitio\/wp-json\/wp\/v2\/comments?post=1728"}],"version-history":[{"count":1,"href":"https:\/\/iesbolivar-cba.infd.edu.ar\/sitio\/wp-json\/wp\/v2\/posts\/1728\/revisions"}],"predecessor-version":[{"id":1729,"href":"https:\/\/iesbolivar-cba.infd.edu.ar\/sitio\/wp-json\/wp\/v2\/posts\/1728\/revisions\/1729"}],"wp:attachment":[{"href":"https:\/\/iesbolivar-cba.infd.edu.ar\/sitio\/wp-json\/wp\/v2\/media?parent=1728"}],"wp:term":[{"taxonomy":"category","embeddable":true,"href":"https:\/\/iesbolivar-cba.infd.edu.ar\/sitio\/wp-json\/wp\/v2\/categories?post=1728"},{"taxonomy":"post_tag","embeddable":true,"href":"https:\/\/iesbolivar-cba.infd.edu.ar\/sitio\/wp-json\/wp\/v2\/tags?post=1728"}],"curies":[{"name":"wp","href":"https:\/\/api.w.org\/{rel}","templated":true}]}}