{"id":1721,"date":"2018-11-27T13:36:51","date_gmt":"2018-11-27T16:36:51","guid":{"rendered":"https:\/\/iesbolivar-cba.infd.edu.ar\/sitio\/?p=1721"},"modified":"2018-11-27T13:36:51","modified_gmt":"2018-11-27T16:36:51","slug":"dia-internacional-de-la-eliminacion-de-la-violencia-contra-la-mujer-acciones-y-avances-en-la-formulacion-de-un-protocolo-institucional-para-los-ifd","status":"publish","type":"post","link":"https:\/\/iesbolivar-cba.infd.edu.ar\/sitio\/dia-internacional-de-la-eliminacion-de-la-violencia-contra-la-mujer-acciones-y-avances-en-la-formulacion-de-un-protocolo-institucional-para-los-ifd\/","title":{"rendered":"D\u00eda Internacional de la Eliminaci\u00f3n de la Violencia contra la Mujer | Acciones y avances en la formulaci\u00f3n de un protocolo institucional para los IFD"},"content":{"rendered":"<table border=\"0\" width=\"100%\" cellspacing=\"0\" cellpadding=\"0\" bgcolor=\"#fff\">\n<tbody>\n<tr>\n<td valign=\"center\" bgcolor=\"#fff\" width=\"100%\">D\u00eda Internacional de la Eliminaci\u00f3n de la Violencia contra la Mujer | Acciones y avances en la formulaci\u00f3n de un protocolo institucional para los IFD<\/td>\n<\/tr>\n<tr>\n<td>\n<div>\n<div>\n<p>El\u00a0<strong>25 de noviembre<\/strong>\u00a0se celebra en todo el mundo el \u201c<strong>D\u00eda Internacional de la Eliminaci\u00f3n de la Violencia contra la Mujer<\/strong>\u201d. En este\u00a0<strong><em>video<\/em><\/strong>, te contamos las acciones y avances producidos en la formulaci\u00f3n de un protocolo institucional sobre la violencia de g\u00e9nero para todos los Institutos de Formaci\u00f3n Docente de la Provincia de C\u00f3rdoba, iniciativa de la que participan estudiantes de nuestro Instituto.<\/p>\n<p><a title=\"https:\/\/youtu.be\/bENJ_aucl0I\" href=\"https:\/\/youtu.be\/bENJ_aucl0I\" target=\"_blank\" rel=\"noopener\" data-saferedirecturl=\"https:\/\/www.google.com\/url?q=https:\/\/youtu.be\/bENJ_aucl0I&amp;source=gmail&amp;ust=1543422720823000&amp;usg=AFQjCNGIIy7C-1yrwr6ghveZORl7MArpCA\"><img decoding=\"async\" loading=\"lazy\" class=\"m_6243949092312029312CToWUd CToWUd alignnone\" src=\"https:\/\/ci4.googleusercontent.com\/proxy\/A46VWSG2jDgO2g1Ltlx2esi1uuseCmM_AU7W6qpltAByGpjx_gPydTBNHbMfgtr8UKx4GCiBR0yIAsUFkc1GvfCYkc51FL0Cl_ISmtwef8nocXAlfh1wo-ibUvP0v4V3ViUlrON5IXuPHcNr=s0-d-e1-ft#https:\/\/iesbolivar-cba.infd.edu.ar\/aula\/archivos\/repositorio\/\/1500\/1669\/videovilencia.png\" alt=\"\" width=\"700\" height=\"395\" border=\"0\" \/><\/a><\/p>\n<\/div>\n<\/div>\n<\/td>\n<\/tr>\n<\/tbody>\n<\/table>\n","protected":false},"excerpt":{"rendered":"<p>D\u00eda Internacional de la Eliminaci\u00f3n de la Violencia contra la Mujer | Acciones y avances en la formulaci\u00f3n de un protocolo institucional para los IFD El\u00a025 de noviembre\u00a0se celebra en todo el mundo el \u201cD\u00eda Internacional de la Eliminaci\u00f3n de la Violencia contra la Mujer\u201d. En este\u00a0video, te contamos las acciones y avances producidos en &#8230; <a title=\"D\u00eda Internacional de la Eliminaci\u00f3n de la Violencia contra la Mujer | Acciones y avances en la formulaci\u00f3n de un protocolo institucional para los IFD\" class=\"read-more\" href=\"https:\/\/iesbolivar-cba.infd.edu.ar\/sitio\/dia-internacional-de-la-eliminacion-de-la-violencia-contra-la-mujer-acciones-y-avances-en-la-formulacion-de-un-protocolo-institucional-para-los-ifd\/\" aria-label=\"More on D\u00eda Internacional de la Eliminaci\u00f3n de la Violencia contra la Mujer | Acciones y avances en la formulaci\u00f3n de un protocolo institucional para los IFD\">[+]<\/a><\/p>\n","protected":false},"author":3377,"featured_media":0,"comment_status":"open","ping_status":"open","sticky":false,"template":"","format":"standard","meta":[],"categories":[6],"tags":[],"acf":[],"_links":{"self":[{"href":"https:\/\/iesbolivar-cba.infd.edu.ar\/sitio\/wp-json\/wp\/v2\/posts\/1721"}],"collection":[{"href":"https:\/\/iesbolivar-cba.infd.edu.ar\/sitio\/wp-json\/wp\/v2\/posts"}],"about":[{"href":"https:\/\/iesbolivar-cba.infd.edu.ar\/sitio\/wp-json\/wp\/v2\/types\/post"}],"author":[{"embeddable":true,"href":"https:\/\/iesbolivar-cba.infd.edu.ar\/sitio\/wp-json\/wp\/v2\/users\/3377"}],"replies":[{"embeddable":true,"href":"https:\/\/iesbolivar-cba.infd.edu.ar\/sitio\/wp-json\/wp\/v2\/comments?post=1721"}],"version-history":[{"count":2,"href":"https:\/\/iesbolivar-cba.infd.edu.ar\/sitio\/wp-json\/wp\/v2\/posts\/1721\/revisions"}],"predecessor-version":[{"id":1727,"href":"https:\/\/iesbolivar-cba.infd.edu.ar\/sitio\/wp-json\/wp\/v2\/posts\/1721\/revisions\/1727"}],"wp:attachment":[{"href":"https:\/\/iesbolivar-cba.infd.edu.ar\/sitio\/wp-json\/wp\/v2\/media?parent=1721"}],"wp:term":[{"taxonomy":"category","embeddable":true,"href":"https:\/\/iesbolivar-cba.infd.edu.ar\/sitio\/wp-json\/wp\/v2\/categories?post=1721"},{"taxonomy":"post_tag","embeddable":true,"href":"https:\/\/iesbolivar-cba.infd.edu.ar\/sitio\/wp-json\/wp\/v2\/tags?post=1721"}],"curies":[{"name":"wp","href":"https:\/\/api.w.org\/{rel}","templated":true}]}}