{"id":1715,"date":"2018-11-07T16:42:34","date_gmt":"2018-11-07T19:42:34","guid":{"rendered":"https:\/\/iesbolivar-cba.infd.edu.ar\/sitio\/?p=1715"},"modified":"2018-11-07T16:42:34","modified_gmt":"2018-11-07T19:42:34","slug":"nuevas-ediciones-de-la-separata-cultural-producida-por-los-ifd","status":"publish","type":"post","link":"https:\/\/iesbolivar-cba.infd.edu.ar\/sitio\/nuevas-ediciones-de-la-separata-cultural-producida-por-los-ifd\/","title":{"rendered":"Nuevas ediciones de la separata cultural producida por los IFD"},"content":{"rendered":"<p>Desde el \u00e1rea de Formaci\u00f3n de Formadores de la DGES se viene coordinando la producci\u00f3n de Separatas culturales escritas por Institutos de Formaci\u00f3n Docente y la Facultad de Lenguas, las cuales son publicadas en diarios regionales de la provincia.\u00a0A esta serie se agreg\u00f3, el pasado 24 de octubre, la producida por el Instituto Superior Cat\u00f3lico, coordinada por los profesores Daniel Teobaldi, Ana Simonetti y Fabiana Takahashi, denominada Enigmas en la docta. De polic\u00edas, detectives y lectores; la elaborada por el Instituto Superior \u00abRoque Saenz Pe\u00f1a\u00bb de la ciudad de Cosqu\u00edn, y publicada el pasado 31 de octubre, coordinada por los profesores Mateo Green y Maria del Carmen Marengo, y titulada El espa\u00f1ol en contacto con el ingl\u00e9s. Deodoro Roca y Luis de Tejeda; y, finalmente, el 7 de noviembre, la del IESS de la ciudad de Carlos Paz, coordinada por las profesoras Gabriela Boldini, Adela Gianoni, Valeria Flesia y Guadalupe Erro, llamada Es un mal hablado, ni siquiera sabe escribir.<\/p>\n<p>A continuaci\u00f3n, se pueden leer las Separatas publicadas hasta el momento:<\/p>\n<ol>\n<li><a href=\"http:\/\/dges-cba.edu.ar\/wp\/wp-content\/uploads\/2018\/10\/01-Carena-final.pdf\"> \u00bfVos sab\u00e9s qu\u00e9 es el voseo? \u2013 Carlos Carena<\/a><\/li>\n<li><a href=\"http:\/\/dges-cba.edu.ar\/wp\/wp-content\/uploads\/2018\/10\/2-Miradas-que-escriben-la-identidad-AlexisCarrel.pdf\"> Miradas que escriben la identidad- Alexis Carrel<\/a><\/li>\n<li><a href=\"http:\/\/dges-cba.edu.ar\/wp\/wp-content\/uploads\/2018\/10\/3-Las-escrituras-experimentales-%C2%BFQu%C3%A9-lo-que-dec%C3%AD-Facultad-de-Lenguas.pdf\"> Las escrituras experimentales-\u00a1\u00bfQu\u00e9 lo que dec\u00ed?! Facultad de Lenguas<\/a><\/li>\n<li><a href=\"http:\/\/dges-cba.edu.ar\/wp\/wp-content\/uploads\/2018\/10\/4-Po%C3%A9ticas-de-la-resistencia-Simon-Bolivar.pdf\"> Po\u00e9ticas de la resistencia- Sim\u00f3n Bolivar<\/a><\/li>\n<li><a href=\"http:\/\/dges-cba.edu.ar\/wp\/wp-content\/uploads\/2018\/10\/5-Enigmas-en-la-docta.-De-policiasdetectives-Instituto-S.-Cat%C3%B3lico..pdf\"> Enigmas en la docta. De polic\u00edas, detectives- Instituto Cat\u00f3lico Superior.<\/a><\/li>\n<li><a href=\"http:\/\/dges-cba.edu.ar\/wp\/wp-content\/uploads\/2018\/11\/6-El-espa%C3%B1ol-en-contacto-con-el-ingl%C3%A9s-Deodoro-Roca-Luis-de-Tejeda.pdf\"> El espa\u00f1ol en contacto con el ingl\u00e9s- Deodoro Roca- Luis de Tejeda<\/a><\/li>\n<\/ol>\n<p>&nbsp;<\/p>\n","protected":false},"excerpt":{"rendered":"<p>Desde el \u00e1rea de Formaci\u00f3n de Formadores de la DGES se viene coordinando la producci\u00f3n de Separatas culturales escritas por Institutos de Formaci\u00f3n Docente y la Facultad de Lenguas, las cuales son publicadas en diarios regionales de la provincia.\u00a0A esta serie se agreg\u00f3, el pasado 24 de octubre, la producida por el Instituto Superior Cat\u00f3lico, &#8230; <a title=\"Nuevas ediciones de la separata cultural producida por los IFD\" class=\"read-more\" href=\"https:\/\/iesbolivar-cba.infd.edu.ar\/sitio\/nuevas-ediciones-de-la-separata-cultural-producida-por-los-ifd\/\" aria-label=\"More on Nuevas ediciones de la separata cultural producida por los IFD\">[+]<\/a><\/p>\n","protected":false},"author":3377,"featured_media":0,"comment_status":"open","ping_status":"open","sticky":false,"template":"","format":"standard","meta":[],"categories":[6],"tags":[],"acf":[],"_links":{"self":[{"href":"https:\/\/iesbolivar-cba.infd.edu.ar\/sitio\/wp-json\/wp\/v2\/posts\/1715"}],"collection":[{"href":"https:\/\/iesbolivar-cba.infd.edu.ar\/sitio\/wp-json\/wp\/v2\/posts"}],"about":[{"href":"https:\/\/iesbolivar-cba.infd.edu.ar\/sitio\/wp-json\/wp\/v2\/types\/post"}],"author":[{"embeddable":true,"href":"https:\/\/iesbolivar-cba.infd.edu.ar\/sitio\/wp-json\/wp\/v2\/users\/3377"}],"replies":[{"embeddable":true,"href":"https:\/\/iesbolivar-cba.infd.edu.ar\/sitio\/wp-json\/wp\/v2\/comments?post=1715"}],"version-history":[{"count":1,"href":"https:\/\/iesbolivar-cba.infd.edu.ar\/sitio\/wp-json\/wp\/v2\/posts\/1715\/revisions"}],"predecessor-version":[{"id":1716,"href":"https:\/\/iesbolivar-cba.infd.edu.ar\/sitio\/wp-json\/wp\/v2\/posts\/1715\/revisions\/1716"}],"wp:attachment":[{"href":"https:\/\/iesbolivar-cba.infd.edu.ar\/sitio\/wp-json\/wp\/v2\/media?parent=1715"}],"wp:term":[{"taxonomy":"category","embeddable":true,"href":"https:\/\/iesbolivar-cba.infd.edu.ar\/sitio\/wp-json\/wp\/v2\/categories?post=1715"},{"taxonomy":"post_tag","embeddable":true,"href":"https:\/\/iesbolivar-cba.infd.edu.ar\/sitio\/wp-json\/wp\/v2\/tags?post=1715"}],"curies":[{"name":"wp","href":"https:\/\/api.w.org\/{rel}","templated":true}]}}