{"id":1709,"date":"2018-11-01T14:50:05","date_gmt":"2018-11-01T17:50:05","guid":{"rendered":"https:\/\/iesbolivar-cba.infd.edu.ar\/sitio\/?p=1709"},"modified":"2018-11-01T14:50:05","modified_gmt":"2018-11-01T17:50:05","slug":"la-biblioteca-de-nuestro-instituto-apadrina-la-creacion-de-una-biblioteca-escolar","status":"publish","type":"post","link":"https:\/\/iesbolivar-cba.infd.edu.ar\/sitio\/la-biblioteca-de-nuestro-instituto-apadrina-la-creacion-de-una-biblioteca-escolar\/","title":{"rendered":"La Biblioteca de nuestro instituto apadrina la creaci\u00f3n de una Biblioteca escolar"},"content":{"rendered":"<p>La Biblioteca de nuestro instituto apadrina la creaci\u00f3n de la Biblioteca escolar del Instituto Juan Pablo II del Barrio ampliaci\u00f3n 1 de Mayo de la Ciudad de C\u00f3rdoba. Este proyecto, que es llevado a cabo a trav\u00e9s de la asignatura Lengua de 4 a\u00f1o del establecimiento, servir\u00e1 como apoyo a los niveles inicial, primario y secundario.<\/p>\n<p>Tal como relata el Bibliotecario Julio Meli\u00e1n, la propuesta surgi\u00f3 a partir del contacto realizado por la instituci\u00f3n con la Biblioteca del Olga Pizarro de Vidal, a partir de lo cual se ofreci\u00f3 un taller denominado \u201cC\u00f3mo organizar la Biblioteca\u201d.<\/p>\n<p>El taller se realiz\u00f3 en dos encuentros y se trabajaron t\u00e9cnicas de clasificaci\u00f3n, inventario y fichado del libro, tambi\u00e9n pautas de conservaci\u00f3n Preventiva del material Bibliogr\u00e1fico. Asimismo, se ofreci\u00f3 a los participantes una \u201cMochila viajera\u201d con 40 libros de literatura infantil para que sean abordados en el espacio de Lengua y Literatura. Adem\u00e1s, a partir de la propuesta de capacitaci\u00f3n, los alumnos comenzaron a organizar junto con los Docentes de Lengua diferente eventos para recaudar libros.<\/p>\n<p><strong>A los fines de apoyar y desarrollar esta iniciativa la Biblioteca pide la colaboraci\u00f3n de toda la comunidad educativa donando libros.\u00a0<\/strong><br \/>\n<strong>\u00a1 Muchas gracias \u00a1<\/strong><\/p>\n<p><strong><img decoding=\"async\" class=\"CToWUd a6T\" tabindex=\"0\" src=\"https:\/\/ci6.googleusercontent.com\/proxy\/nM7VGeVEcPQg70XhsBpWmViKHo-OQ9hb7ee1MoJQS9zOpFKyQYLORvyRBpEab8tpwH6xtrPe5oYGMoFsmy0XF7Mn4PQYI6uhLxobrfYjWXLddyFl-rUui0w-KM5H0Zi1=s0-d-e1-ft#https:\/\/iesbolivar-cba.infd.edu.ar\/aula\/archivos\/repositorio\/\/1500\/1640\/5.png\" width=\"700\" border=\"0\" \/><\/strong><\/p>\n<p><strong><img decoding=\"async\" class=\"CToWUd a6T\" tabindex=\"0\" src=\"https:\/\/ci5.googleusercontent.com\/proxy\/yGDw78hIHajoSf9jIoumJa375L13i3FqbWh_3mHZmRZJANP8_EsXltOlmqvcRz4bRsS0Gr9AIH1KK4m2fhH33_yI3IpAOh-is_vOR-0_0JLOK6A5rQ0VVNByiBuD-t_Q=s0-d-e1-ft#https:\/\/iesbolivar-cba.infd.edu.ar\/aula\/archivos\/repositorio\/\/1500\/1639\/4.png\" width=\"700\" border=\"0\" \/><\/strong><\/p>\n<p><strong><img decoding=\"async\" class=\"CToWUd a6T\" tabindex=\"0\" src=\"https:\/\/ci3.googleusercontent.com\/proxy\/GZuhd6AyWroNyuB9oz5efK4XJ-t97OTeKWhzhu4P7jc4a77o7z3bfOCAO5hCrHZ7fLfB4eDB1I-_A7PaWkYI700Vz1VSRlx3OLRrAXruPZ6Bdmis5EQ1GmP44WIdcalm=s0-d-e1-ft#https:\/\/iesbolivar-cba.infd.edu.ar\/aula\/archivos\/repositorio\/\/1500\/1641\/2.png\" width=\"700\" border=\"0\" \/><\/strong><\/p>\n<p><strong><img decoding=\"async\" class=\"CToWUd a6T\" tabindex=\"0\" src=\"https:\/\/ci6.googleusercontent.com\/proxy\/fQAWGrNo3fNGC2ApuHbIMcL5YbXROQ3skj9BCnf5LDC7IPHKkiFQ3WNqpFfw-karWUbo5EXTjWnhkUWQ6ZFX4s6NjPZZakUXqIoStYODARTPyV1GL-DivMIZZS0GCqy3=s0-d-e1-ft#https:\/\/iesbolivar-cba.infd.edu.ar\/aula\/archivos\/repositorio\/\/1500\/1638\/3.png\" width=\"700\" border=\"0\" \/><\/strong><\/p>\n<p><strong><img decoding=\"async\" class=\"CToWUd a6T\" tabindex=\"0\" src=\"https:\/\/ci4.googleusercontent.com\/proxy\/xiHZb-vjyJTU_AScSjdYOBf7MBXYO_ZAcdchn_NSuBLBTNGtjj3TR3eFsfCHk1sKWJ-DfhL2uAUCaXdELzHJEWxmTdCcpo06MeKJUQwvuHPs2CNIXjtRxQVH9Tv_W-7B=s0-d-e1-ft#https:\/\/iesbolivar-cba.infd.edu.ar\/aula\/archivos\/repositorio\/\/1500\/1637\/1.png\" width=\"700\" border=\"0\" \/><\/strong><\/p>\n","protected":false},"excerpt":{"rendered":"<p>La Biblioteca de nuestro instituto apadrina la creaci\u00f3n de la Biblioteca escolar del Instituto Juan Pablo II del Barrio ampliaci\u00f3n 1 de Mayo de la Ciudad de C\u00f3rdoba. Este proyecto, que es llevado a cabo a trav\u00e9s de la asignatura Lengua de 4 a\u00f1o del establecimiento, servir\u00e1 como apoyo a los niveles inicial, primario y &#8230; <a title=\"La Biblioteca de nuestro instituto apadrina la creaci\u00f3n de una Biblioteca escolar\" class=\"read-more\" href=\"https:\/\/iesbolivar-cba.infd.edu.ar\/sitio\/la-biblioteca-de-nuestro-instituto-apadrina-la-creacion-de-una-biblioteca-escolar\/\" aria-label=\"More on La Biblioteca de nuestro instituto apadrina la creaci\u00f3n de una Biblioteca escolar\">[+]<\/a><\/p>\n","protected":false},"author":3377,"featured_media":0,"comment_status":"open","ping_status":"open","sticky":false,"template":"","format":"standard","meta":[],"categories":[9],"tags":[],"acf":[],"_links":{"self":[{"href":"https:\/\/iesbolivar-cba.infd.edu.ar\/sitio\/wp-json\/wp\/v2\/posts\/1709"}],"collection":[{"href":"https:\/\/iesbolivar-cba.infd.edu.ar\/sitio\/wp-json\/wp\/v2\/posts"}],"about":[{"href":"https:\/\/iesbolivar-cba.infd.edu.ar\/sitio\/wp-json\/wp\/v2\/types\/post"}],"author":[{"embeddable":true,"href":"https:\/\/iesbolivar-cba.infd.edu.ar\/sitio\/wp-json\/wp\/v2\/users\/3377"}],"replies":[{"embeddable":true,"href":"https:\/\/iesbolivar-cba.infd.edu.ar\/sitio\/wp-json\/wp\/v2\/comments?post=1709"}],"version-history":[{"count":1,"href":"https:\/\/iesbolivar-cba.infd.edu.ar\/sitio\/wp-json\/wp\/v2\/posts\/1709\/revisions"}],"predecessor-version":[{"id":1710,"href":"https:\/\/iesbolivar-cba.infd.edu.ar\/sitio\/wp-json\/wp\/v2\/posts\/1709\/revisions\/1710"}],"wp:attachment":[{"href":"https:\/\/iesbolivar-cba.infd.edu.ar\/sitio\/wp-json\/wp\/v2\/media?parent=1709"}],"wp:term":[{"taxonomy":"category","embeddable":true,"href":"https:\/\/iesbolivar-cba.infd.edu.ar\/sitio\/wp-json\/wp\/v2\/categories?post=1709"},{"taxonomy":"post_tag","embeddable":true,"href":"https:\/\/iesbolivar-cba.infd.edu.ar\/sitio\/wp-json\/wp\/v2\/tags?post=1709"}],"curies":[{"name":"wp","href":"https:\/\/api.w.org\/{rel}","templated":true}]}}