{"id":1693,"date":"2018-10-24T17:15:37","date_gmt":"2018-10-24T20:15:37","guid":{"rendered":"https:\/\/iesbolivar-cba.infd.edu.ar\/sitio\/?p=1693"},"modified":"2018-10-24T17:15:37","modified_gmt":"2018-10-24T20:15:37","slug":"estudiantes-de-lengua-y-literatura-participaron-del-ciclo-de-docentes-escritores-con-la-visita-de-rocio-pochettino-y-sebastian-pons","status":"publish","type":"post","link":"https:\/\/iesbolivar-cba.infd.edu.ar\/sitio\/estudiantes-de-lengua-y-literatura-participaron-del-ciclo-de-docentes-escritores-con-la-visita-de-rocio-pochettino-y-sebastian-pons\/","title":{"rendered":"Estudiantes de Lengua y Literatura participaron del \u00abCiclo de docentes escritores\u00bb con la visita de Roc\u00edo Pochettino y Sebasti\u00e1n Pons"},"content":{"rendered":"<p><em>Estudiantes y profesores comparten actividades y encuentros.<\/em><\/p>\n<p>El pasado martes 16 de octubre recibimos en nuestro Instituto a Sebasti\u00e1n Pons y Roc\u00edo Pochettino, como parte del Ciclo de \u201cDocentes escritores\u201d que coordina DGES en el marco del Programa Rumbo al VIII Congreso Internacional de la Lengua Espa\u00f1ola.<\/p>\n<p>En un encuentro ameno y enriquecedor, los autores compartieron sus trayectorias, an\u00e9cdotas y vicisitudes del quehacer cotidiano, ya sea como docentes o como escritores. Se discutieron temas entorno a su experiencia como Profesores dentro de la Escuela Secundaria, los abordajes que se pueden realizar desde diversas obras literarias, el amor y el desaf\u00edo de la escritura, la influencia de diferentes tradiciones y experiencias de vida en sus obras, la importancia de la oralidad y la musicalidad en la poes\u00eda, entre otros aspectos. Se gener\u00f3 una grata e interesante conversaci\u00f3n literaria entre lectores y escritores.<\/p>\n<p>Organizaron el encuentro los estudiantes de tercer a\u00f1o del profesorado de Lengua y Literatura de ambos turnos, quienes prepararon mesas literarias, paneles de bienvenida, cartelera distinguiendo la trayectoria de ambos escritores y se\u00f1aladores a modo de recordatorios para cada uno de los oyentes. La actividad estuvo coordinada por las profesoras Mar\u00eda Laura Wojnacki, Elena P\u00e9rez Moreno y el bibliotecario Julio Meli\u00e1n. Asistieron estudiantes y docentes de todo el instituto.<\/p>\n<p>Estos encuentros tienen una importancia significativa en la formaci\u00f3n de los futuros docentes, a la vez que difunden y valorizan el trabajo de escritura de otros docentes. Fue un encuentro de retroalimentaci\u00f3n en el que la literatura fue la protagonista.<\/p>\n<p><img decoding=\"async\" class=\"m_-1515535957553834268CToWUd m_-1515535957553834268a6T CToWUd a6T\" tabindex=\"0\" src=\"https:\/\/ci6.googleusercontent.com\/proxy\/jzN9Qu2WlN8WA4ZqYI048AqxAAPBf7m99lfEVwEugA5gw4SoDM14zBeEZeDpyrRtpWnX3TojHJbkvPfqo7hyhzlCj_beMtF8eLPWuB2qXR7CQt2b-HgqzhxmPsf1ol_c3eR3HOi8aUHTfw=s0-d-e1-ft#https:\/\/iesbolivar-cba.infd.edu.ar\/aula\/archivos\/repositorio\/\/1500\/1616\/DSC07973.jpg\" width=\"700\" border=\"0\" \/><\/p>\n<p><img decoding=\"async\" class=\"m_-1515535957553834268CToWUd m_-1515535957553834268a6T CToWUd a6T\" tabindex=\"0\" src=\"https:\/\/ci3.googleusercontent.com\/proxy\/wcjG-SgHSaPAk-g96MrfpS8uZwC8WnF36tGOBQmI8Nk3Jgw7k8VGrrAa_EFeLSDkkfHE03yFYUSnb3RvYMIJlRrCLR4KlMM61KVt-EVl6q0j54ORobA2RdN3eOMFS_2BZEVDp9B01QUo_Q=s0-d-e1-ft#https:\/\/iesbolivar-cba.infd.edu.ar\/aula\/archivos\/repositorio\/\/1500\/1618\/DSC07988.jpg\" width=\"700\" border=\"0\" \/><\/p>\n<p><img decoding=\"async\" class=\"m_-1515535957553834268CToWUd m_-1515535957553834268a6T CToWUd a6T\" tabindex=\"0\" src=\"https:\/\/ci3.googleusercontent.com\/proxy\/JaBWaHEMp3u8QoaJZL-5B96jyBcRyK8raE3FrpXkaFrW-9Mgie-kVNQptJv7YeEgq4JGy4Vn2yPQ6cL-qj_ucQpqPmnm-lWNvcnysn-jFZoq5HotMX4SHrp7c6WPNpJMXFnwecfN2ptZ9XrSQGGNYovK=s0-d-e1-ft#https:\/\/iesbolivar-cba.infd.edu.ar\/aula\/archivos\/repositorio\/\/1500\/1614\/foto_encuentro_1.png\" border=\"0\" \/><\/p>\n","protected":false},"excerpt":{"rendered":"<p>Estudiantes y profesores comparten actividades y encuentros. El pasado martes 16 de octubre recibimos en nuestro Instituto a Sebasti\u00e1n Pons y Roc\u00edo Pochettino, como parte del Ciclo de \u201cDocentes escritores\u201d que coordina DGES en el marco del Programa Rumbo al VIII Congreso Internacional de la Lengua Espa\u00f1ola. En un encuentro ameno y enriquecedor, los autores &#8230; <a title=\"Estudiantes de Lengua y Literatura participaron del \u00abCiclo de docentes escritores\u00bb con la visita de Roc\u00edo Pochettino y Sebasti\u00e1n Pons\" class=\"read-more\" href=\"https:\/\/iesbolivar-cba.infd.edu.ar\/sitio\/estudiantes-de-lengua-y-literatura-participaron-del-ciclo-de-docentes-escritores-con-la-visita-de-rocio-pochettino-y-sebastian-pons\/\" aria-label=\"More on Estudiantes de Lengua y Literatura participaron del \u00abCiclo de docentes escritores\u00bb con la visita de Roc\u00edo Pochettino y Sebasti\u00e1n Pons\">[+]<\/a><\/p>\n","protected":false},"author":3377,"featured_media":0,"comment_status":"open","ping_status":"open","sticky":false,"template":"","format":"standard","meta":[],"categories":[6],"tags":[],"acf":[],"_links":{"self":[{"href":"https:\/\/iesbolivar-cba.infd.edu.ar\/sitio\/wp-json\/wp\/v2\/posts\/1693"}],"collection":[{"href":"https:\/\/iesbolivar-cba.infd.edu.ar\/sitio\/wp-json\/wp\/v2\/posts"}],"about":[{"href":"https:\/\/iesbolivar-cba.infd.edu.ar\/sitio\/wp-json\/wp\/v2\/types\/post"}],"author":[{"embeddable":true,"href":"https:\/\/iesbolivar-cba.infd.edu.ar\/sitio\/wp-json\/wp\/v2\/users\/3377"}],"replies":[{"embeddable":true,"href":"https:\/\/iesbolivar-cba.infd.edu.ar\/sitio\/wp-json\/wp\/v2\/comments?post=1693"}],"version-history":[{"count":2,"href":"https:\/\/iesbolivar-cba.infd.edu.ar\/sitio\/wp-json\/wp\/v2\/posts\/1693\/revisions"}],"predecessor-version":[{"id":1695,"href":"https:\/\/iesbolivar-cba.infd.edu.ar\/sitio\/wp-json\/wp\/v2\/posts\/1693\/revisions\/1695"}],"wp:attachment":[{"href":"https:\/\/iesbolivar-cba.infd.edu.ar\/sitio\/wp-json\/wp\/v2\/media?parent=1693"}],"wp:term":[{"taxonomy":"category","embeddable":true,"href":"https:\/\/iesbolivar-cba.infd.edu.ar\/sitio\/wp-json\/wp\/v2\/categories?post=1693"},{"taxonomy":"post_tag","embeddable":true,"href":"https:\/\/iesbolivar-cba.infd.edu.ar\/sitio\/wp-json\/wp\/v2\/tags?post=1693"}],"curies":[{"name":"wp","href":"https:\/\/api.w.org\/{rel}","templated":true}]}}