{"id":1685,"date":"2018-10-18T13:43:09","date_gmt":"2018-10-18T16:43:09","guid":{"rendered":"https:\/\/iesbolivar-cba.infd.edu.ar\/sitio\/?p=1685"},"modified":"2018-10-18T13:43:35","modified_gmt":"2018-10-18T16:43:35","slug":"visita-educativa-estudiantes-del-profesorado-de-biologia-en-el-museo-de-antropologia-de-la-u-n-c","status":"publish","type":"post","link":"https:\/\/iesbolivar-cba.infd.edu.ar\/sitio\/visita-educativa-estudiantes-del-profesorado-de-biologia-en-el-museo-de-antropologia-de-la-u-n-c\/","title":{"rendered":"Visita educativa | Estudiantes del Profesorado de Biolog\u00eda en el Museo de Antropolog\u00eda de la U.N.C."},"content":{"rendered":"<p>Estudiantes de 4to a\u00f1o del Profesorado de Biolog\u00eda visitaron el Museo de Antropolog\u00eda de la U.N.C. La visita estuvo organizada por la asignatura \u201cHistoria de la vida en la Tierra y procesos evolutivos\u201d a cargo del Profesor Dar\u00edo Genovese con el acompa\u00f1amiento del Profesor adscripto ad-honorem Ezequiel Safa.<\/p>\n<p>La visita se propuso como objetivos interpretar el origen y diversificaci\u00f3n de los seres humanos e identificar sus aspectos biol\u00f3gicos y culturales mediante una aproximaci\u00f3n a las colecciones arqueol\u00f3gicas y etnogr\u00e1ficas que alberga la ciudad de C\u00f3rdoba. En este marco, se trabajaron contenidos de la asignatura vinculados a la Evoluci\u00f3n biol\u00f3gica humana,\u00a0 la Antropolog\u00eda alimentaria y nutrici\u00f3n, la Antropolog\u00eda ecol\u00f3gica y biodemogr\u00e1fica y los Ecosistemas humanos de Am\u00e9rica, tal como surge del proyecto presentado por el docente a cargo.<\/p>\n<p>La visita se desarroll\u00f3 el martes 9 de octubre e incluy\u00f3 la realizaci\u00f3n previa y posterior de distintas actividades, como la elaboraci\u00f3n grupal de una Secuencia Did\u00e1ctica para abordar la antropolog\u00eda biol\u00f3gica y cultural.<\/p>\n<p><img decoding=\"async\" class=\"CToWUd a6T\" tabindex=\"0\" src=\"https:\/\/ci6.googleusercontent.com\/proxy\/nFGSpUhS6Ags102K7moxipJU5EgDDPrw08SHnIFds24GRrp8HyL9aaVgMFabJiLlFjgjj62bTkDNs1IQXXXXmeK_ouBzhr71lg3f-0xoVgw98HJ7dXl0uKFCxFqfQbmTCtRB3OrTEWvEjA_IC9O43xpZNrzj=s0-d-e1-ft#https:\/\/iesbolivar-cba.infd.edu.ar\/aula\/archivos\/repositorio\/\/1500\/1577\/HPE_ANTROPOLOGIA_01.jpg\" width=\"700\" border=\"0\" \/><\/p>\n<p><img decoding=\"async\" class=\"CToWUd a6T\" tabindex=\"0\" src=\"https:\/\/ci5.googleusercontent.com\/proxy\/jILfKktVayQOawbEHhSRASYxWN6ou0Ex0z06N_YL2Z0n1LaXWXBA7l-B0YjEoa-v4fs_8zSFM4hslSN0kjVPBD_IchaRWBdEXqeY2968H_XcoO5iYrsbNJkYdDAnqKj7ckygiWA9NPBtgvmor0SNHjRX6cKQ=s0-d-e1-ft#https:\/\/iesbolivar-cba.infd.edu.ar\/aula\/archivos\/repositorio\/\/1500\/1575\/HPE_ANTROPOLOGIA_02.jpg\" width=\"700\" border=\"0\" \/><\/p>\n<p><img decoding=\"async\" class=\"CToWUd a6T\" tabindex=\"0\" src=\"https:\/\/ci4.googleusercontent.com\/proxy\/RydwZRQcWTXJ8uajEqJyVbHqZyCS_1WS1Of_Brr1DylVbUT73ST0L7hGv1p7QzXp4zY8oJ7HC1tjCC1oU-kOQDgUENzIyc1CyA9_m_o1VQfCgyQf1dUdd98z1v0SA7IY_pgjaos2HSCPUg3PiepJ3YIiJAhk=s0-d-e1-ft#https:\/\/iesbolivar-cba.infd.edu.ar\/aula\/archivos\/repositorio\/\/1500\/1576\/HPE_ANTROPOLOGIA_03.jpg\" width=\"700\" border=\"0\" \/><\/p>\n<p>&nbsp;<\/p>\n","protected":false},"excerpt":{"rendered":"<p>Estudiantes de 4to a\u00f1o del Profesorado de Biolog\u00eda visitaron el Museo de Antropolog\u00eda de la U.N.C. La visita estuvo organizada por la asignatura \u201cHistoria de la vida en la Tierra y procesos evolutivos\u201d a cargo del Profesor Dar\u00edo Genovese con el acompa\u00f1amiento del Profesor adscripto ad-honorem Ezequiel Safa. La visita se propuso como objetivos interpretar &#8230; <a title=\"Visita educativa | Estudiantes del Profesorado de Biolog\u00eda en el Museo de Antropolog\u00eda de la U.N.C.\" class=\"read-more\" href=\"https:\/\/iesbolivar-cba.infd.edu.ar\/sitio\/visita-educativa-estudiantes-del-profesorado-de-biologia-en-el-museo-de-antropologia-de-la-u-n-c\/\" aria-label=\"More on Visita educativa | Estudiantes del Profesorado de Biolog\u00eda en el Museo de Antropolog\u00eda de la U.N.C.\">[+]<\/a><\/p>\n","protected":false},"author":3377,"featured_media":0,"comment_status":"open","ping_status":"open","sticky":false,"template":"","format":"standard","meta":[],"categories":[6],"tags":[],"acf":[],"_links":{"self":[{"href":"https:\/\/iesbolivar-cba.infd.edu.ar\/sitio\/wp-json\/wp\/v2\/posts\/1685"}],"collection":[{"href":"https:\/\/iesbolivar-cba.infd.edu.ar\/sitio\/wp-json\/wp\/v2\/posts"}],"about":[{"href":"https:\/\/iesbolivar-cba.infd.edu.ar\/sitio\/wp-json\/wp\/v2\/types\/post"}],"author":[{"embeddable":true,"href":"https:\/\/iesbolivar-cba.infd.edu.ar\/sitio\/wp-json\/wp\/v2\/users\/3377"}],"replies":[{"embeddable":true,"href":"https:\/\/iesbolivar-cba.infd.edu.ar\/sitio\/wp-json\/wp\/v2\/comments?post=1685"}],"version-history":[{"count":1,"href":"https:\/\/iesbolivar-cba.infd.edu.ar\/sitio\/wp-json\/wp\/v2\/posts\/1685\/revisions"}],"predecessor-version":[{"id":1686,"href":"https:\/\/iesbolivar-cba.infd.edu.ar\/sitio\/wp-json\/wp\/v2\/posts\/1685\/revisions\/1686"}],"wp:attachment":[{"href":"https:\/\/iesbolivar-cba.infd.edu.ar\/sitio\/wp-json\/wp\/v2\/media?parent=1685"}],"wp:term":[{"taxonomy":"category","embeddable":true,"href":"https:\/\/iesbolivar-cba.infd.edu.ar\/sitio\/wp-json\/wp\/v2\/categories?post=1685"},{"taxonomy":"post_tag","embeddable":true,"href":"https:\/\/iesbolivar-cba.infd.edu.ar\/sitio\/wp-json\/wp\/v2\/tags?post=1685"}],"curies":[{"name":"wp","href":"https:\/\/api.w.org\/{rel}","templated":true}]}}