{"id":1683,"date":"2018-10-18T13:42:39","date_gmt":"2018-10-18T16:42:39","guid":{"rendered":"https:\/\/iesbolivar-cba.infd.edu.ar\/sitio\/?p=1683"},"modified":"2018-10-18T13:42:39","modified_gmt":"2018-10-18T16:42:39","slug":"publicaron-trabajos-de-docentes-y-estudiantes-de-nuestro-instituto-en-el-ultimo-numero-de-la-revista-efi-de-la-dges","status":"publish","type":"post","link":"https:\/\/iesbolivar-cba.infd.edu.ar\/sitio\/publicaron-trabajos-de-docentes-y-estudiantes-de-nuestro-instituto-en-el-ultimo-numero-de-la-revista-efi-de-la-dges\/","title":{"rendered":"Publicaron trabajos de docentes y estudiantes de nuestro Instituto en el \u00faltimo n\u00famero de la Revista EFI de la DGES"},"content":{"rendered":"<div>\n<p>Publicaron trabajos de docentes y estudiantes de nuestro Instituto en el \u00faltimo n\u00famero de la Revista EFI de la DGES. En este caso, de la Profesora Ana Ludue\u00f1a, del Profesorado de Biolog\u00eda, el art\u00edculo \u00abLa integraci\u00f3n de las TIC en la formaci\u00f3n docente. Una propuesta de ense\u00f1anza y aprendizaje sobre evoluci\u00f3n para futuros profesores de Biolog\u00eda de Nivel Secundario\u00bb y de los estudiantes de 3er. a\u00f1o del Profesorado de Lengua y Literatura Alejo Godoy,\u00a0Flavia Hidalgo y\u00a0Victoria Marazzi, la rese\u00f1a \u00abLa(s) subjetividad(es) como insumo para el dise\u00f1o de nuevos paradigmas educativos. Una rese\u00f1a de lecciones a m\u00ed mismo, vida y universidad, de Luis Porter (2017)\u00bb. Para acceder al \u00faltimo n\u00famero hacer clic\u00a0<a title=\"http:\/\/ppct.caicyt.gov.ar\/index.php\/efi\/article\/view\/11359\/45454575758727\" href=\"http:\/\/ppct.caicyt.gov.ar\/index.php\/efi\/article\/view\/11359\/45454575758727\" target=\"_blank\" rel=\"noopener\" data-saferedirecturl=\"https:\/\/www.google.com\/url?q=http:\/\/ppct.caicyt.gov.ar\/index.php\/efi\/article\/view\/11359\/45454575758727&amp;source=gmail&amp;ust=1539967321909000&amp;usg=AFQjCNEsLxGBIE4QlQ43Zo8bXND4ykDgIw\">aqu\u00ed<\/a>.<\/p>\n<p>La\u00a0<span class=\"m_-1821766955875533906m_-8892938378874972678m_-510922672300533395il\">revista<\/span>\u00a0<span class=\"m_-1821766955875533906m_-8892938378874972678m_-510922672300533395il\">EFI<\/span>\u00a0es una publicaci\u00f3n semestral de divulgaci\u00f3n cient\u00edfica, acad\u00e9mica y de producciones vinculadas a experiencias y pr\u00e1cticas de la formaci\u00f3n docente y del desarrollo profesional editada por la\u00a0Direcci\u00f3n General de Educaci\u00f3n Superior.<\/p>\n<p><img decoding=\"async\" class=\"m_-1821766955875533906m_-8892938378874972678m_-510922672300533395m_734821382895061024CToWUd m_-1821766955875533906m_-8892938378874972678m_-510922672300533395m_734821382895061024a6T m_-1821766955875533906m_-8892938378874972678m_-510922672300533395CToWUd m_-1821766955875533906m_-8892938378874972678m_-510922672300533395a6T m_-1821766955875533906m_-8892938378874972678CToWUd m_-1821766955875533906m_-8892938378874972678a6T m_-1821766955875533906CToWUd m_-1821766955875533906a6T CToWUd a6T\" tabindex=\"0\" src=\"https:\/\/ci4.googleusercontent.com\/proxy\/HBd4zsVblN37_NegTadly6W6r8Lpyp8I1qxOvUVGufutAEJjwz9s4mRgyyXkQxv1GuackTuSYkFQmnKSwrWKGGnYeyHpwSXLsEt7Fvo7xnK0qAZr3IkQ1aEI7A0UTL--BBUOgsWA1FXiZR-k0gZxWnICNnXsjUlG-g=s0-d-e1-ft#https:\/\/iesbolivar-cba.infd.edu.ar\/aula\/archivos\/repositorio\/\/1500\/1547\/cover_issue_738_es_ES_1.jpg\" border=\"0\" \/><\/p>\n<\/div>\n<p>&nbsp;<\/p>\n","protected":false},"excerpt":{"rendered":"<p>Publicaron trabajos de docentes y estudiantes de nuestro Instituto en el \u00faltimo n\u00famero de la Revista EFI de la DGES. En este caso, de la Profesora Ana Ludue\u00f1a, del Profesorado de Biolog\u00eda, el art\u00edculo \u00abLa integraci\u00f3n de las TIC en la formaci\u00f3n docente. Una propuesta de ense\u00f1anza y aprendizaje sobre evoluci\u00f3n para futuros profesores de &#8230; <a title=\"Publicaron trabajos de docentes y estudiantes de nuestro Instituto en el \u00faltimo n\u00famero de la Revista EFI de la DGES\" class=\"read-more\" href=\"https:\/\/iesbolivar-cba.infd.edu.ar\/sitio\/publicaron-trabajos-de-docentes-y-estudiantes-de-nuestro-instituto-en-el-ultimo-numero-de-la-revista-efi-de-la-dges\/\" aria-label=\"More on Publicaron trabajos de docentes y estudiantes de nuestro Instituto en el \u00faltimo n\u00famero de la Revista EFI de la DGES\">[+]<\/a><\/p>\n","protected":false},"author":3377,"featured_media":0,"comment_status":"open","ping_status":"open","sticky":false,"template":"","format":"standard","meta":[],"categories":[6],"tags":[],"acf":[],"_links":{"self":[{"href":"https:\/\/iesbolivar-cba.infd.edu.ar\/sitio\/wp-json\/wp\/v2\/posts\/1683"}],"collection":[{"href":"https:\/\/iesbolivar-cba.infd.edu.ar\/sitio\/wp-json\/wp\/v2\/posts"}],"about":[{"href":"https:\/\/iesbolivar-cba.infd.edu.ar\/sitio\/wp-json\/wp\/v2\/types\/post"}],"author":[{"embeddable":true,"href":"https:\/\/iesbolivar-cba.infd.edu.ar\/sitio\/wp-json\/wp\/v2\/users\/3377"}],"replies":[{"embeddable":true,"href":"https:\/\/iesbolivar-cba.infd.edu.ar\/sitio\/wp-json\/wp\/v2\/comments?post=1683"}],"version-history":[{"count":1,"href":"https:\/\/iesbolivar-cba.infd.edu.ar\/sitio\/wp-json\/wp\/v2\/posts\/1683\/revisions"}],"predecessor-version":[{"id":1684,"href":"https:\/\/iesbolivar-cba.infd.edu.ar\/sitio\/wp-json\/wp\/v2\/posts\/1683\/revisions\/1684"}],"wp:attachment":[{"href":"https:\/\/iesbolivar-cba.infd.edu.ar\/sitio\/wp-json\/wp\/v2\/media?parent=1683"}],"wp:term":[{"taxonomy":"category","embeddable":true,"href":"https:\/\/iesbolivar-cba.infd.edu.ar\/sitio\/wp-json\/wp\/v2\/categories?post=1683"},{"taxonomy":"post_tag","embeddable":true,"href":"https:\/\/iesbolivar-cba.infd.edu.ar\/sitio\/wp-json\/wp\/v2\/tags?post=1683"}],"curies":[{"name":"wp","href":"https:\/\/api.w.org\/{rel}","templated":true}]}}