{"id":1681,"date":"2018-10-18T13:41:32","date_gmt":"2018-10-18T16:41:32","guid":{"rendered":"https:\/\/iesbolivar-cba.infd.edu.ar\/sitio\/?p=1681"},"modified":"2018-10-18T13:41:32","modified_gmt":"2018-10-18T16:41:32","slug":"visitas-y-charlas-en-las-aulas-estudiantes-del-profesorado-de-lengua-y-literatura-con-el-escritor-nicolas-jozami","status":"publish","type":"post","link":"https:\/\/iesbolivar-cba.infd.edu.ar\/sitio\/visitas-y-charlas-en-las-aulas-estudiantes-del-profesorado-de-lengua-y-literatura-con-el-escritor-nicolas-jozami\/","title":{"rendered":"Visitas y charlas en las aulas | Estudiantes del Profesorado de Lengua y Literatura con el escritor Nicol\u00e1s Jozami"},"content":{"rendered":"<p>Profesores del IES Sim\u00f3n Bol\u00edvar comparten visitas y actividades.<\/p>\n<div>\n<p>En la pasado viernes 12 octubre los estudiantes de tercer a\u00f1o del Profesorado de Lengua y Literatura, turno ma\u00f1ana, junto a la profesora Sandra Peralta, recibieron la visita del escritor Nicol\u00e1s Jozami.<\/p>\n<p>En una charla distendida y enriquecedora, el autor comparti\u00f3 las vicisitudes del quehacer del escritor y su proceso creativo; habl\u00f3 de sus maestros de la vida y del Arte, y de las oportunidades que ofrece la docencia para el encuentro con el Otro, con los dem\u00e1s, con quienes compartimos nuestras vidas. Se discuti\u00f3 de Belleza, de Literatura y de t\u00f3picos repetidos en sus textos: docencia, amor, patolog\u00edas, recurrencias, desaf\u00edos y man\u00edas.<\/p>\n<p>La Biblioteca recibi\u00f3 ejemplares de sus libros, los que fueron dedicados afectuosamente por el escritor.<\/p>\n<p><img decoding=\"async\" class=\"m_5365618686935041312CToWUd m_5365618686935041312a6T CToWUd a6T\" tabindex=\"0\" src=\"https:\/\/ci5.googleusercontent.com\/proxy\/iiFviquVx2ScwONwhZRoSWeu4VL3E5-pmRJZs4D2VM9HBn8NeRuT6KJKqnBWrzYudqGcj6E_e-_jpbDvNjPfoX5osurVvWfFMgdqlNmJA7PA5sOwv667hfgdLp188pwjJBAA7_9Uf5uHO4GmAZBnbbKGh-UW=s0-d-e1-ft#https:\/\/iesbolivar-cba.infd.edu.ar\/aula\/archivos\/repositorio\/\/1500\/1578\/IMG-20181012-WA0034.jpg\" width=\"700\" border=\"0\" \/><\/p>\n<p><img decoding=\"async\" class=\"m_5365618686935041312CToWUd m_5365618686935041312a6T CToWUd a6T\" tabindex=\"0\" src=\"https:\/\/ci4.googleusercontent.com\/proxy\/MH7MIS0bR5j43lzdC9P3jIi7v6Hs0MqKu_nngS_Othdw0u_ff5yGnu4CwyA1TRJ66oaczXXZy6WJuSuutmOal4kFyqiZtYFqswXBf4PunxYyd7SYB6HHdaVdN8iyk_8I44RoH0TJFise6QRGh9OMWqgh0KK8=s0-d-e1-ft#https:\/\/iesbolivar-cba.infd.edu.ar\/aula\/archivos\/repositorio\/\/1500\/1579\/IMG-20181012-WA0044.jpg\" width=\"700\" border=\"0\" \/><\/p>\n<p><img decoding=\"async\" class=\"m_5365618686935041312CToWUd m_5365618686935041312a6T CToWUd a6T\" tabindex=\"0\" src=\"https:\/\/ci6.googleusercontent.com\/proxy\/ZU2GE-7rZO_eZmGIOt9uYQk7fBOOdcTz_9504r4gJlVA9_3ZrP7RcqWONFAE1Q8tgeoUG6gH3RAUYavNsiAAPy7eqTRshHmRxvU03g6M75hjf2QL2R-br5up1oy9HeHu38ssP5Wodt-V0MkgB1TgmxRngV7P=s0-d-e1-ft#https:\/\/iesbolivar-cba.infd.edu.ar\/aula\/archivos\/repositorio\/\/1500\/1581\/IMG-20181012-WA0046.jpg\" width=\"700\" border=\"0\" \/><\/p>\n<p><img decoding=\"async\" class=\"m_5365618686935041312CToWUd m_5365618686935041312a6T CToWUd a6T\" tabindex=\"0\" src=\"https:\/\/ci5.googleusercontent.com\/proxy\/6QmEjQP0RyXhClJ2vNVTfd1KsjDGQP7DHAxlKIKF7FWxZCFyvqSbOOjDg1Uom3fSS64NO-qo3z1Wyh2SXAV9rR8BmRhzGEeZvy5noFO1qU-qK1sSJYytNp_-oGMsJCreXdiyj5Qa9uWba_kuBrjUp12tFdIF=s0-d-e1-ft#https:\/\/iesbolivar-cba.infd.edu.ar\/aula\/archivos\/repositorio\/\/1500\/1580\/IMG-20181012-WA0048.jpg\" width=\"700\" border=\"0\" \/><\/p>\n<\/div>\n","protected":false},"excerpt":{"rendered":"<p>Profesores del IES Sim\u00f3n Bol\u00edvar comparten visitas y actividades. En la pasado viernes 12 octubre los estudiantes de tercer a\u00f1o del Profesorado de Lengua y Literatura, turno ma\u00f1ana, junto a la profesora Sandra Peralta, recibieron la visita del escritor Nicol\u00e1s Jozami. En una charla distendida y enriquecedora, el autor comparti\u00f3 las vicisitudes del quehacer del &#8230; <a title=\"Visitas y charlas en las aulas | Estudiantes del Profesorado de Lengua y Literatura con el escritor Nicol\u00e1s Jozami\" class=\"read-more\" href=\"https:\/\/iesbolivar-cba.infd.edu.ar\/sitio\/visitas-y-charlas-en-las-aulas-estudiantes-del-profesorado-de-lengua-y-literatura-con-el-escritor-nicolas-jozami\/\" aria-label=\"More on Visitas y charlas en las aulas | Estudiantes del Profesorado de Lengua y Literatura con el escritor Nicol\u00e1s Jozami\">[+]<\/a><\/p>\n","protected":false},"author":3377,"featured_media":0,"comment_status":"open","ping_status":"open","sticky":false,"template":"","format":"standard","meta":[],"categories":[6],"tags":[],"acf":[],"_links":{"self":[{"href":"https:\/\/iesbolivar-cba.infd.edu.ar\/sitio\/wp-json\/wp\/v2\/posts\/1681"}],"collection":[{"href":"https:\/\/iesbolivar-cba.infd.edu.ar\/sitio\/wp-json\/wp\/v2\/posts"}],"about":[{"href":"https:\/\/iesbolivar-cba.infd.edu.ar\/sitio\/wp-json\/wp\/v2\/types\/post"}],"author":[{"embeddable":true,"href":"https:\/\/iesbolivar-cba.infd.edu.ar\/sitio\/wp-json\/wp\/v2\/users\/3377"}],"replies":[{"embeddable":true,"href":"https:\/\/iesbolivar-cba.infd.edu.ar\/sitio\/wp-json\/wp\/v2\/comments?post=1681"}],"version-history":[{"count":1,"href":"https:\/\/iesbolivar-cba.infd.edu.ar\/sitio\/wp-json\/wp\/v2\/posts\/1681\/revisions"}],"predecessor-version":[{"id":1682,"href":"https:\/\/iesbolivar-cba.infd.edu.ar\/sitio\/wp-json\/wp\/v2\/posts\/1681\/revisions\/1682"}],"wp:attachment":[{"href":"https:\/\/iesbolivar-cba.infd.edu.ar\/sitio\/wp-json\/wp\/v2\/media?parent=1681"}],"wp:term":[{"taxonomy":"category","embeddable":true,"href":"https:\/\/iesbolivar-cba.infd.edu.ar\/sitio\/wp-json\/wp\/v2\/categories?post=1681"},{"taxonomy":"post_tag","embeddable":true,"href":"https:\/\/iesbolivar-cba.infd.edu.ar\/sitio\/wp-json\/wp\/v2\/tags?post=1681"}],"curies":[{"name":"wp","href":"https:\/\/api.w.org\/{rel}","templated":true}]}}