{"id":1679,"date":"2018-10-18T13:40:59","date_gmt":"2018-10-18T16:40:59","guid":{"rendered":"https:\/\/iesbolivar-cba.infd.edu.ar\/sitio\/?p=1679"},"modified":"2018-10-18T13:40:59","modified_gmt":"2018-10-18T16:40:59","slug":"desafios-y-demandas-frente-a-la-alteridad-y-la-diferencia-taller-en-el-profesorado-de-ingles-de-la-catedra-problematicas-socio-antropologicas-en-educacion","status":"publish","type":"post","link":"https:\/\/iesbolivar-cba.infd.edu.ar\/sitio\/desafios-y-demandas-frente-a-la-alteridad-y-la-diferencia-taller-en-el-profesorado-de-ingles-de-la-catedra-problematicas-socio-antropologicas-en-educacion\/","title":{"rendered":"Desaf\u00edos y demandas frente a la alteridad y la diferencia | Taller en el Profesorado de Ingl\u00e9s de la C\u00e1tedra Problem\u00e1ticas Socio Antropol\u00f3gicas en Educaci\u00f3n"},"content":{"rendered":"<div>\n<p>Profesores del IES Sim\u00f3n Bol\u00edvar comparten visitas y actividades.<\/p>\n<p>La Profesora Bel\u00e9n Acurso en compa\u00f1\u00eda del Profesor Fernando Moyano, ambos al frente de la C\u00e1tedra Problem\u00e1ticas Socio Antropol\u00f3gicas en Educaci\u00f3n del Profesorado en Ingl\u00e9s, organizaron el pasado 11 de Octubre un taller sobre \u201cHeteronormativdad y roles de g\u00e9nero en materiales para la ense\u00f1anza y el aprendizaje del Ingl\u00e9s\u201d dictado por la Prof. Sof\u00eda Boldrini docente de la UNC y de la escuela secundaria Colegio De\u00e1n Funes, de esta capital.<\/p>\n<p>Con la propuesta se busc\u00f3 reflexionar acerca de las demandas y desaf\u00edos de la pr\u00e1ctica profesional de los profesores en una realidad heterog\u00e9nea donde se establecen lazos, v\u00ednculos y relaciones y donde la Educaci\u00f3n Sexual Integral juega un rol de preponderancia. Incorporando herramientas conceptuales y metodol\u00f3gicas con el taller los docentes buscaron entender los diversos procesos que llevan al reconocimiento de la alteridad y la diferencia.<\/p>\n<p><img decoding=\"async\" class=\"m_-2266307709138607228CToWUd m_-2266307709138607228a6T CToWUd a6T\" tabindex=\"0\" src=\"https:\/\/ci6.googleusercontent.com\/proxy\/V1B4-jwJphWrFuY8I4w2HhcOApu-MiOpDPDKfLccyaZ_G-GcpEOUuXnZMcHxbxcVFqJGD0e5lgER98BYEd0_oPk1eNyv-hXJU_CBP68ZskTtMqyxeMgt5eGcksrK6-ZFDnMlfyZbIQ9TYa1jocGVQHM2M2-z=s0-d-e1-ft#https:\/\/iesbolivar-cba.infd.edu.ar\/aula\/archivos\/repositorio\/\/1500\/1582\/IMG-20181012-WA0003.jpg\" width=\"700\" border=\"0\" \/><\/p>\n<p><img decoding=\"async\" class=\"m_-2266307709138607228CToWUd m_-2266307709138607228a6T CToWUd a6T\" tabindex=\"0\" src=\"https:\/\/ci6.googleusercontent.com\/proxy\/HCL2vFHSOPKystVdAnQI5DoXgpyVl_1mIya6m0RXkOHFqTvQqZp7jNAz98xetgyOpo014CeGsScOo4uXfHNBUdiDu_jUp_AZkDWW8U8xSY6tFh2fXr699xXloT9RMo3haSJhYdZ9V889oBhlebAL2X6mNDYb=s0-d-e1-ft#https:\/\/iesbolivar-cba.infd.edu.ar\/aula\/archivos\/repositorio\/\/1500\/1585\/IMG-20181011-WA0021.jpg\" width=\"700\" border=\"0\" \/><\/p>\n<p><img decoding=\"async\" class=\"m_-2266307709138607228CToWUd m_-2266307709138607228a6T CToWUd a6T\" tabindex=\"0\" src=\"https:\/\/ci4.googleusercontent.com\/proxy\/2DEmyQsDv1slMOM8dKHwfsiAjWiiNGkJdL-prZjA4awgZsmdMCzVX5lW1J0wuR9x2cJlrdGIu2DdzMkSoqwthhF29gbi0l2UsVyz0IZMQzKgDfn5TPof-PPBByPFH8K0TNKXODdNiyDIwS2eaDXEgRTtIgb8=s0-d-e1-ft#https:\/\/iesbolivar-cba.infd.edu.ar\/aula\/archivos\/repositorio\/\/1500\/1584\/IMG-20181011-WA0016.jpg\" width=\"700\" border=\"0\" \/><\/p>\n<p><img decoding=\"async\" class=\"m_-2266307709138607228CToWUd m_-2266307709138607228a6T CToWUd a6T\" tabindex=\"0\" src=\"https:\/\/ci6.googleusercontent.com\/proxy\/8ozcOmyQEAfO0hJpOXAYxD9UhTiPbohgLLGQAfxffV2G862_M43uYPPBAO4zWcVXNmGgC2KUM1wlohJKeJa8BXXTV6iQwl24RgC84tvZZ1HmI4NMIYSGlP5kfNGTkDYqahvtt9W12vnCUDJ4ght4aS4FDcOK=s0-d-e1-ft#https:\/\/iesbolivar-cba.infd.edu.ar\/aula\/archivos\/repositorio\/\/1500\/1583\/IMG-20181011-WA0020.jpg\" width=\"700\" border=\"0\" \/><\/p>\n<\/div>\n<p>&nbsp;<\/p>\n","protected":false},"excerpt":{"rendered":"<p>Profesores del IES Sim\u00f3n Bol\u00edvar comparten visitas y actividades. La Profesora Bel\u00e9n Acurso en compa\u00f1\u00eda del Profesor Fernando Moyano, ambos al frente de la C\u00e1tedra Problem\u00e1ticas Socio Antropol\u00f3gicas en Educaci\u00f3n del Profesorado en Ingl\u00e9s, organizaron el pasado 11 de Octubre un taller sobre \u201cHeteronormativdad y roles de g\u00e9nero en materiales para la ense\u00f1anza y el &#8230; <a title=\"Desaf\u00edos y demandas frente a la alteridad y la diferencia | Taller en el Profesorado de Ingl\u00e9s de la C\u00e1tedra Problem\u00e1ticas Socio Antropol\u00f3gicas en Educaci\u00f3n\" class=\"read-more\" href=\"https:\/\/iesbolivar-cba.infd.edu.ar\/sitio\/desafios-y-demandas-frente-a-la-alteridad-y-la-diferencia-taller-en-el-profesorado-de-ingles-de-la-catedra-problematicas-socio-antropologicas-en-educacion\/\" aria-label=\"More on Desaf\u00edos y demandas frente a la alteridad y la diferencia | Taller en el Profesorado de Ingl\u00e9s de la C\u00e1tedra Problem\u00e1ticas Socio Antropol\u00f3gicas en Educaci\u00f3n\">[+]<\/a><\/p>\n","protected":false},"author":3377,"featured_media":0,"comment_status":"open","ping_status":"open","sticky":false,"template":"","format":"standard","meta":[],"categories":[6],"tags":[],"acf":[],"_links":{"self":[{"href":"https:\/\/iesbolivar-cba.infd.edu.ar\/sitio\/wp-json\/wp\/v2\/posts\/1679"}],"collection":[{"href":"https:\/\/iesbolivar-cba.infd.edu.ar\/sitio\/wp-json\/wp\/v2\/posts"}],"about":[{"href":"https:\/\/iesbolivar-cba.infd.edu.ar\/sitio\/wp-json\/wp\/v2\/types\/post"}],"author":[{"embeddable":true,"href":"https:\/\/iesbolivar-cba.infd.edu.ar\/sitio\/wp-json\/wp\/v2\/users\/3377"}],"replies":[{"embeddable":true,"href":"https:\/\/iesbolivar-cba.infd.edu.ar\/sitio\/wp-json\/wp\/v2\/comments?post=1679"}],"version-history":[{"count":1,"href":"https:\/\/iesbolivar-cba.infd.edu.ar\/sitio\/wp-json\/wp\/v2\/posts\/1679\/revisions"}],"predecessor-version":[{"id":1680,"href":"https:\/\/iesbolivar-cba.infd.edu.ar\/sitio\/wp-json\/wp\/v2\/posts\/1679\/revisions\/1680"}],"wp:attachment":[{"href":"https:\/\/iesbolivar-cba.infd.edu.ar\/sitio\/wp-json\/wp\/v2\/media?parent=1679"}],"wp:term":[{"taxonomy":"category","embeddable":true,"href":"https:\/\/iesbolivar-cba.infd.edu.ar\/sitio\/wp-json\/wp\/v2\/categories?post=1679"},{"taxonomy":"post_tag","embeddable":true,"href":"https:\/\/iesbolivar-cba.infd.edu.ar\/sitio\/wp-json\/wp\/v2\/tags?post=1679"}],"curies":[{"name":"wp","href":"https:\/\/api.w.org\/{rel}","templated":true}]}}