{"id":1677,"date":"2018-10-18T13:40:25","date_gmt":"2018-10-18T16:40:25","guid":{"rendered":"https:\/\/iesbolivar-cba.infd.edu.ar\/sitio\/?p=1677"},"modified":"2018-10-18T13:40:25","modified_gmt":"2018-10-18T16:40:25","slug":"vivencia-teatral-y-escritura-estudiantes-de-lengua-y-literatura-asistieron-a-la-obra-el-corazon-del-incauto","status":"publish","type":"post","link":"https:\/\/iesbolivar-cba.infd.edu.ar\/sitio\/vivencia-teatral-y-escritura-estudiantes-de-lengua-y-literatura-asistieron-a-la-obra-el-corazon-del-incauto\/","title":{"rendered":"Vivencia teatral y escritura | Estudiantes de Lengua y Literatura asistieron a la obra \u201cEl coraz\u00f3n del incauto\u201d"},"content":{"rendered":"<p>En continuidad con el Proyecto\u00a0<em>Leer cuerpos, interpretar culturas\u00a0<\/em>(per\u00edodos 2016 y 2017) los alumnos del Profesorado de Lengua y Literatura del IES Sim\u00f3n Bol\u00edvar en compa\u00f1\u00eda de los Prof. Ana In\u00e9s Leunda y Fernando Moyano,\u00a0asistieron a una funci\u00f3n de la obra\u00a0<em>\u201cEl coraz\u00f3n del incauto\u201d,<\/em>\u00a0texto de Patricia Suarez y Sandra Franzen, que se estren\u00f3 en La Parisina.<\/p>\n<p>La obra transcurre en 1920, en la pampa gringa, donde un matrimonio de colonos se ve en la obligaci\u00f3n de contratar a un pe\u00f3n para levantar la cosecha. Mediante un dialogo fragmentado se busca dar palabra a los deseos insatisfechos de estas vidas atormentadas, quienes buscan concretar sus fantas\u00edas aun a costa de la mirada r\u00edgida e intolerable del exterior.<\/p>\n<p>De este modo, los estudiantes, pudieron acercarse al \u00e1mbito teatral independiente de nuestra ciudad y fueron capaces de construir textos cr\u00edticos y argumentativos a partir de vivenciar la escena teatral.<\/p>\n<p><img decoding=\"async\" class=\"CToWUd a6T\" tabindex=\"0\" src=\"https:\/\/ci6.googleusercontent.com\/proxy\/7DSlTlsF-DqyV_9RnBP-sO9dl8noZZZDdOf7NhUwpptENKrmPzzZDDCBmfjHW43OMojW2ohQN-yYGF-XrkK_1kAZPgnnGZC5FmNrqx5VaGB6d4N7rvEX5z0FQWZILxyYOhU8FRVI4Q59HKdAdDaWDfC4K2rmz8yKf7rX7lCSDiXdfrPeG1ZGOwpZgtrXV_ik98XErg=s0-d-e1-ft#https:\/\/iesbolivar-cba.infd.edu.ar\/aula\/archivos\/repositorio\/\/1500\/1586\/35932145_10204687972436640_7700831973240995840_n_1.jpg\" width=\"700\" border=\"0\" \/><\/p>\n<p><img decoding=\"async\" class=\"CToWUd a6T\" tabindex=\"0\" src=\"https:\/\/ci4.googleusercontent.com\/proxy\/mcoGUy-2RnFk2yhsBkIeQd2vluBSKfOxAOEM3QoRqQHTjNYv80XrqlUdpwD72h4dNZIN6jX0rPlPsX3KTv4zPmnY3Y81ym6KnwHX71Xn4l5s0rygcj3veChlqnMptuxE3lnJap1c_LyqSjepsHnnjm9WBcHgzxC7AQ=s0-d-e1-ft#https:\/\/iesbolivar-cba.infd.edu.ar\/aula\/archivos\/repositorio\/\/1500\/1588\/IMG-20180613-WA0045_1_1.jpg\" width=\"700\" border=\"0\" \/><\/p>\n","protected":false},"excerpt":{"rendered":"<p>En continuidad con el Proyecto\u00a0Leer cuerpos, interpretar culturas\u00a0(per\u00edodos 2016 y 2017) los alumnos del Profesorado de Lengua y Literatura del IES Sim\u00f3n Bol\u00edvar en compa\u00f1\u00eda de los Prof. Ana In\u00e9s Leunda y Fernando Moyano,\u00a0asistieron a una funci\u00f3n de la obra\u00a0\u201cEl coraz\u00f3n del incauto\u201d,\u00a0texto de Patricia Suarez y Sandra Franzen, que se estren\u00f3 en La Parisina. &#8230; <a title=\"Vivencia teatral y escritura | Estudiantes de Lengua y Literatura asistieron a la obra \u201cEl coraz\u00f3n del incauto\u201d\" class=\"read-more\" href=\"https:\/\/iesbolivar-cba.infd.edu.ar\/sitio\/vivencia-teatral-y-escritura-estudiantes-de-lengua-y-literatura-asistieron-a-la-obra-el-corazon-del-incauto\/\" aria-label=\"More on Vivencia teatral y escritura | Estudiantes de Lengua y Literatura asistieron a la obra \u201cEl coraz\u00f3n del incauto\u201d\">[+]<\/a><\/p>\n","protected":false},"author":3377,"featured_media":0,"comment_status":"open","ping_status":"open","sticky":false,"template":"","format":"standard","meta":[],"categories":[6],"tags":[],"acf":[],"_links":{"self":[{"href":"https:\/\/iesbolivar-cba.infd.edu.ar\/sitio\/wp-json\/wp\/v2\/posts\/1677"}],"collection":[{"href":"https:\/\/iesbolivar-cba.infd.edu.ar\/sitio\/wp-json\/wp\/v2\/posts"}],"about":[{"href":"https:\/\/iesbolivar-cba.infd.edu.ar\/sitio\/wp-json\/wp\/v2\/types\/post"}],"author":[{"embeddable":true,"href":"https:\/\/iesbolivar-cba.infd.edu.ar\/sitio\/wp-json\/wp\/v2\/users\/3377"}],"replies":[{"embeddable":true,"href":"https:\/\/iesbolivar-cba.infd.edu.ar\/sitio\/wp-json\/wp\/v2\/comments?post=1677"}],"version-history":[{"count":1,"href":"https:\/\/iesbolivar-cba.infd.edu.ar\/sitio\/wp-json\/wp\/v2\/posts\/1677\/revisions"}],"predecessor-version":[{"id":1678,"href":"https:\/\/iesbolivar-cba.infd.edu.ar\/sitio\/wp-json\/wp\/v2\/posts\/1677\/revisions\/1678"}],"wp:attachment":[{"href":"https:\/\/iesbolivar-cba.infd.edu.ar\/sitio\/wp-json\/wp\/v2\/media?parent=1677"}],"wp:term":[{"taxonomy":"category","embeddable":true,"href":"https:\/\/iesbolivar-cba.infd.edu.ar\/sitio\/wp-json\/wp\/v2\/categories?post=1677"},{"taxonomy":"post_tag","embeddable":true,"href":"https:\/\/iesbolivar-cba.infd.edu.ar\/sitio\/wp-json\/wp\/v2\/tags?post=1677"}],"curies":[{"name":"wp","href":"https:\/\/api.w.org\/{rel}","templated":true}]}}