{"id":1675,"date":"2018-10-18T13:39:52","date_gmt":"2018-10-18T16:39:52","guid":{"rendered":"https:\/\/iesbolivar-cba.infd.edu.ar\/sitio\/?p=1675"},"modified":"2018-10-18T13:39:52","modified_gmt":"2018-10-18T16:39:52","slug":"estudiantes-de-fisica-geografia-lengua-y-matematicas-visitan-el-campo-de-la-rivera","status":"publish","type":"post","link":"https:\/\/iesbolivar-cba.infd.edu.ar\/sitio\/estudiantes-de-fisica-geografia-lengua-y-matematicas-visitan-el-campo-de-la-rivera\/","title":{"rendered":"Estudiantes de F\u00edsica, Geograf\u00eda, Lengua y Matem\u00e1ticas visitan el Campo de la Rivera"},"content":{"rendered":"<div>\n<p>Estudiantes de los Profesorados de Educaci\u00f3n Secundaria en F\u00edsica, Geograf\u00eda, Lengua y Matem\u00e1ticas de nuestro Instituto realizaron una visita educativa al Espacio Campo De La Ribera en el marco de la C\u00e1tedra \u201cHistoria y Pol\u00edtica de la Educaci\u00f3n Argentina\u201d a cargo de la Profesora Nancy V\u00e1zquez.<\/p>\n<p>El\u00a0Campo de la Ribera\u00a0fue un Centro Clandestino de Detenci\u00f3n, Tortura y Exterminio utilizado por la \u00faltima dictadura militar. All\u00ed manten\u00edan cautivas a personas secuestradas de manera ilegal desde 1975 hasta 1978.<\/p>\n<p><img decoding=\"async\" class=\"m_7961835556936788451CToWUd m_7961835556936788451a6T CToWUd a6T\" tabindex=\"0\" src=\"https:\/\/ci6.googleusercontent.com\/proxy\/cvypQ8cyDxmcxiWgiqczfyKqCsrKa8ykZqNlhjis9ti6Cw-Otjf4_gfN2-ENkQlpL48mfNAn9QEW9q_kZNIDPhfj6lt9syu-4_z9_FyeG1DXd4wlErjsBkcHnHGSBnXrze1hU1Wzse6nPCxxKqvOR4bRcaO1LsI5811JfDNQIyoEJLIfyrgAEvo=s0-d-e1-ft#https:\/\/iesbolivar-cba.infd.edu.ar\/aula\/archivos\/repositorio\/\/1500\/1590\/WhatsApp_Image_2018-10-16_at_4.03.04_PM.jpg\" width=\"700\" border=\"0\" \/><\/p>\n<p><img decoding=\"async\" class=\"m_7961835556936788451CToWUd m_7961835556936788451a6T CToWUd a6T\" tabindex=\"0\" src=\"https:\/\/ci6.googleusercontent.com\/proxy\/x8vm9KPhRm5kW8SSAVR6lyCsVuFyuW7r_vu_C9mWilKIww3SSCNbs8bWZUCOgFwCxmmeXtRHMFKFINgAH4sPgnYn3Qrsv_bX9lqT_ohQu4W9gIUDqk9gjqTW87qIF3LW2jhn2D8ay5jrdv_kmRfQkxMRq7dzlnd-CCZTwsx96SDooeSOME2-aJZoUA=s0-d-e1-ft#https:\/\/iesbolivar-cba.infd.edu.ar\/aula\/archivos\/repositorio\/\/1500\/1592\/WhatsApp_Image_2018-10-16_at_4.03.06_PM_1.jpg\" width=\"700\" border=\"0\" \/><\/p>\n<p><img decoding=\"async\" class=\"m_7961835556936788451CToWUd m_7961835556936788451a6T CToWUd a6T\" tabindex=\"0\" src=\"https:\/\/ci3.googleusercontent.com\/proxy\/sGZYwxik69lfZlkQ0wJExL9THOkZQuEQ6ZjcPMP0HAlQVV7jYBeUlPEvNNz2o0v-OOMYbDKmXA0URVR71AUL4w47cXo_6ydfywAEze0CuMYJEViELFLQx-HmkQpzVROHDaiY0tcNnZpH1b4YJPusRaVRMaqynq9SWt93WXzwvDoouCFjVS5ZQyk=s0-d-e1-ft#https:\/\/iesbolivar-cba.infd.edu.ar\/aula\/archivos\/repositorio\/\/1500\/1589\/WhatsApp_Image_2018-10-16_at_4.03.05_PM.jpg\" width=\"700\" border=\"0\" \/><\/p>\n<p><img decoding=\"async\" class=\"m_7961835556936788451CToWUd m_7961835556936788451a6T CToWUd a6T\" tabindex=\"0\" src=\"https:\/\/ci5.googleusercontent.com\/proxy\/GEOTkCJQbD4GZ2EwPNTDzn5aSc3e1jqF5rZHDmsX6ZGtt-6NnqqZwQLc0O0DCks5unlb1JZW185gN7wDnbBHkN-1BTvUYPoFDitKHhYkX4o9PKQHAYXHhoEccR5qXUgtR1pZa2Ktye-IWnJm_2L3BDzsFGmafbRO6Ac60bv3lYmYtpa6FMFCJ4DJHYz0pwqjxw=s0-d-e1-ft#https:\/\/iesbolivar-cba.infd.edu.ar\/aula\/archivos\/repositorio\/\/1500\/1591\/43704594_2160635000856535_2260029817132941312_o.jpg\" width=\"700\" border=\"0\" \/><\/p>\n<p><img decoding=\"async\" class=\"m_7961835556936788451CToWUd m_7961835556936788451a6T CToWUd a6T\" tabindex=\"0\" src=\"https:\/\/ci5.googleusercontent.com\/proxy\/oTmxjin8lMWcJhXDbkGUOEA9tyA2jdUDCGDeelCY_mJnvB6Igip1oyqmN64d51Jj4TdYa8ZNbWuWyLHCRviayJVNf_KKczu3VUViQ_IXEwKFBc_X4fJQJGyQ9gK_CEnQ2sSVmO7jY5eW7yKWgnQskVC7b6NDveV4DetWNMk4OKXIRQqnmQO9zj8=s0-d-e1-ft#https:\/\/iesbolivar-cba.infd.edu.ar\/aula\/archivos\/repositorio\/\/1500\/1593\/WhatsApp_Image_2018-10-16_at_4.03.06_PM.jpg\" width=\"700\" border=\"0\" \/><\/p>\n<p>&nbsp;<\/p>\n<\/div>\n","protected":false},"excerpt":{"rendered":"<p>Estudiantes de los Profesorados de Educaci\u00f3n Secundaria en F\u00edsica, Geograf\u00eda, Lengua y Matem\u00e1ticas de nuestro Instituto realizaron una visita educativa al Espacio Campo De La Ribera en el marco de la C\u00e1tedra \u201cHistoria y Pol\u00edtica de la Educaci\u00f3n Argentina\u201d a cargo de la Profesora Nancy V\u00e1zquez. El\u00a0Campo de la Ribera\u00a0fue un Centro Clandestino de Detenci\u00f3n, &#8230; <a title=\"Estudiantes de F\u00edsica, Geograf\u00eda, Lengua y Matem\u00e1ticas visitan el Campo de la Rivera\" class=\"read-more\" href=\"https:\/\/iesbolivar-cba.infd.edu.ar\/sitio\/estudiantes-de-fisica-geografia-lengua-y-matematicas-visitan-el-campo-de-la-rivera\/\" aria-label=\"More on Estudiantes de F\u00edsica, Geograf\u00eda, Lengua y Matem\u00e1ticas visitan el Campo de la Rivera\">[+]<\/a><\/p>\n","protected":false},"author":3377,"featured_media":0,"comment_status":"open","ping_status":"open","sticky":false,"template":"","format":"standard","meta":[],"categories":[6],"tags":[],"acf":[],"_links":{"self":[{"href":"https:\/\/iesbolivar-cba.infd.edu.ar\/sitio\/wp-json\/wp\/v2\/posts\/1675"}],"collection":[{"href":"https:\/\/iesbolivar-cba.infd.edu.ar\/sitio\/wp-json\/wp\/v2\/posts"}],"about":[{"href":"https:\/\/iesbolivar-cba.infd.edu.ar\/sitio\/wp-json\/wp\/v2\/types\/post"}],"author":[{"embeddable":true,"href":"https:\/\/iesbolivar-cba.infd.edu.ar\/sitio\/wp-json\/wp\/v2\/users\/3377"}],"replies":[{"embeddable":true,"href":"https:\/\/iesbolivar-cba.infd.edu.ar\/sitio\/wp-json\/wp\/v2\/comments?post=1675"}],"version-history":[{"count":1,"href":"https:\/\/iesbolivar-cba.infd.edu.ar\/sitio\/wp-json\/wp\/v2\/posts\/1675\/revisions"}],"predecessor-version":[{"id":1676,"href":"https:\/\/iesbolivar-cba.infd.edu.ar\/sitio\/wp-json\/wp\/v2\/posts\/1675\/revisions\/1676"}],"wp:attachment":[{"href":"https:\/\/iesbolivar-cba.infd.edu.ar\/sitio\/wp-json\/wp\/v2\/media?parent=1675"}],"wp:term":[{"taxonomy":"category","embeddable":true,"href":"https:\/\/iesbolivar-cba.infd.edu.ar\/sitio\/wp-json\/wp\/v2\/categories?post=1675"},{"taxonomy":"post_tag","embeddable":true,"href":"https:\/\/iesbolivar-cba.infd.edu.ar\/sitio\/wp-json\/wp\/v2\/tags?post=1675"}],"curies":[{"name":"wp","href":"https:\/\/api.w.org\/{rel}","templated":true}]}}