{"id":1669,"date":"2018-10-18T13:29:36","date_gmt":"2018-10-18T16:29:36","guid":{"rendered":"https:\/\/iesbolivar-cba.infd.edu.ar\/sitio\/?p=1669"},"modified":"2018-10-18T13:37:19","modified_gmt":"2018-10-18T16:37:19","slug":"separata-cultural-producida-por-estudiantes-y-docentes-del-simon-bolivar-se-difundira-en-diarios-del-interior-de-la-provincia","status":"publish","type":"post","link":"https:\/\/iesbolivar-cba.infd.edu.ar\/sitio\/separata-cultural-producida-por-estudiantes-y-docentes-del-simon-bolivar-se-difundira-en-diarios-del-interior-de-la-provincia\/","title":{"rendered":"\u201cSeparata\u201d cultural producida por estudiantes y docentes del Sim\u00f3n Bol\u00edvar se difundir\u00e1 en diarios del interior de la provincia"},"content":{"rendered":"<div>\n<p>Estudiantes y docentes del Profesorado de Lengua y Literatura de nuestro instituto produjeron un material que ser\u00e1 difundido en diarios de cuatro localidades de C\u00f3rdoba bajo la modalidad de \u201cseparata\u201d en un suplemento cultural.<\/p>\n<p>La edici\u00f3n producida en el Sim\u00f3n Bol\u00edvar estuvo coordinada por las profesoras Laura Wojnacki, Romina Grana y Magdalena Gonz\u00e1lez Almada, se titula \u00a0\u201cPo\u00e9ticas de la resistencia\u201d y expone una reflexi\u00f3n acerca de la literatura contempor\u00e1nea escrita en lenguas ind\u00edgenas.<\/p>\n<p>El trabajo de estudiantes y docentes se realiz\u00f3 en el marco de las unidades curriculares Literatura Argentina I, Historia de la Lengua II y Literatura Latinoamericana II y puso en juego las competencias de lectura cr\u00edtica y escritura. En este sentido, el valor de este texto radica en la propia pr\u00e1ctica de escritura colaborativa que involucr\u00f3 a docentes y estudiantes como, asimismo, en el aporte que supone en la difusi\u00f3n y promoci\u00f3n de la literatura escrita en lenguas ind\u00edgenas.<\/p>\n<p>La separata cont\u00f3 adem\u00e1s con la gentileza de la\/os poetas Mauro Alwa, David A\u00f1i\u00f1ir, Aylin \u00d1ancucheo y Mario Castells quienes cedieron generosamente sus derechos de autor sobre las obras que integran esta publicaci\u00f3n.<\/p>\n<p>La iniciativa forma parte de una de las l\u00edneas del programa\u00a0Rumbo<em>\u00a0<\/em>del VIII\u00a0Congreso de la Lengua Espa\u00f1ola 2019 llevada a cabo desde el \u00e1rea Formaci\u00f3n de Formadores de la DGES y se desarrollar\u00e1 durante 15 semanas, con la participaci\u00f3n de distintos institutos de formaci\u00f3n superior de la provincia. La separata se publicar\u00e1 en el suplemento cultural \u201cEl corredor mediterr\u00e1neo\u201d de distribuci\u00f3n en las ciudades de R\u00edo Cuarto, San Francisco, R\u00edo Tercero y Villa Mar\u00eda y se encuentra disponible\u00a0<a href=\"https:\/\/drive.google.com\/file\/d\/1HA-_Xhf4pRwGcQ0GfNNo-36q9Z8FZO9q\/view?usp=sharing\" target=\"_blank\" rel=\"noopener\" data-saferedirecturl=\"https:\/\/www.google.com\/url?q=https:\/\/drive.google.com\/file\/d\/1HA-_Xhf4pRwGcQ0GfNNo-36q9Z8FZO9q\/view?usp%3Dsharing&amp;source=gmail&amp;ust=1539965382221000&amp;usg=AFQjCNHDp1nsvjvALiN9mTjcmoPsSmbiFg\">aqu\u00ed<\/a>.<\/p>\n<p>&nbsp;<\/p>\n<\/div>\n<p><iframe loading=\"lazy\" src=\"https:\/\/e.issuu.com\/anonymous-embed.html?u=comunicacionies-simonbolivar&amp;d=4-poticas_de_la_resistencia._simon_\" width=\"944\" height=\"500\" frameborder=\"0\" allowfullscreen=\"allowfullscreen\"><\/iframe><\/p>\n","protected":false},"excerpt":{"rendered":"<p>Estudiantes y docentes del Profesorado de Lengua y Literatura de nuestro instituto produjeron un material que ser\u00e1 difundido en diarios de cuatro localidades de C\u00f3rdoba bajo la modalidad de \u201cseparata\u201d en un suplemento cultural. La edici\u00f3n producida en el Sim\u00f3n Bol\u00edvar estuvo coordinada por las profesoras Laura Wojnacki, Romina Grana y Magdalena Gonz\u00e1lez Almada, se &#8230; <a title=\"\u201cSeparata\u201d cultural producida por estudiantes y docentes del Sim\u00f3n Bol\u00edvar se difundir\u00e1 en diarios del interior de la provincia\" class=\"read-more\" href=\"https:\/\/iesbolivar-cba.infd.edu.ar\/sitio\/separata-cultural-producida-por-estudiantes-y-docentes-del-simon-bolivar-se-difundira-en-diarios-del-interior-de-la-provincia\/\" aria-label=\"More on \u201cSeparata\u201d cultural producida por estudiantes y docentes del Sim\u00f3n Bol\u00edvar se difundir\u00e1 en diarios del interior de la provincia\">[+]<\/a><\/p>\n","protected":false},"author":3377,"featured_media":0,"comment_status":"open","ping_status":"open","sticky":false,"template":"","format":"standard","meta":[],"categories":[6],"tags":[],"acf":[],"_links":{"self":[{"href":"https:\/\/iesbolivar-cba.infd.edu.ar\/sitio\/wp-json\/wp\/v2\/posts\/1669"}],"collection":[{"href":"https:\/\/iesbolivar-cba.infd.edu.ar\/sitio\/wp-json\/wp\/v2\/posts"}],"about":[{"href":"https:\/\/iesbolivar-cba.infd.edu.ar\/sitio\/wp-json\/wp\/v2\/types\/post"}],"author":[{"embeddable":true,"href":"https:\/\/iesbolivar-cba.infd.edu.ar\/sitio\/wp-json\/wp\/v2\/users\/3377"}],"replies":[{"embeddable":true,"href":"https:\/\/iesbolivar-cba.infd.edu.ar\/sitio\/wp-json\/wp\/v2\/comments?post=1669"}],"version-history":[{"count":3,"href":"https:\/\/iesbolivar-cba.infd.edu.ar\/sitio\/wp-json\/wp\/v2\/posts\/1669\/revisions"}],"predecessor-version":[{"id":1674,"href":"https:\/\/iesbolivar-cba.infd.edu.ar\/sitio\/wp-json\/wp\/v2\/posts\/1669\/revisions\/1674"}],"wp:attachment":[{"href":"https:\/\/iesbolivar-cba.infd.edu.ar\/sitio\/wp-json\/wp\/v2\/media?parent=1669"}],"wp:term":[{"taxonomy":"category","embeddable":true,"href":"https:\/\/iesbolivar-cba.infd.edu.ar\/sitio\/wp-json\/wp\/v2\/categories?post=1669"},{"taxonomy":"post_tag","embeddable":true,"href":"https:\/\/iesbolivar-cba.infd.edu.ar\/sitio\/wp-json\/wp\/v2\/tags?post=1669"}],"curies":[{"name":"wp","href":"https:\/\/api.w.org\/{rel}","templated":true}]}}