{"id":1635,"date":"2018-09-20T14:04:36","date_gmt":"2018-09-20T17:04:36","guid":{"rendered":"https:\/\/iesbolivar-cba.infd.edu.ar\/sitio\/?p=1635"},"modified":"2018-09-20T14:04:36","modified_gmt":"2018-09-20T17:04:36","slug":"separata-cultural-producida-por-institutos-de-formacion-se-publicara-en-diarios-de-la-provincia","status":"publish","type":"post","link":"https:\/\/iesbolivar-cba.infd.edu.ar\/sitio\/separata-cultural-producida-por-institutos-de-formacion-se-publicara-en-diarios-de-la-provincia\/","title":{"rendered":"Separata cultural producida por Institutos de Formaci\u00f3n se publicar\u00e1 en diarios de la provincia"},"content":{"rendered":"<p>El 26 de octubre iniciar\u00e1 la publicaci\u00f3n semanal \u00a0de una\u00a0separata cultural producida por estudiantes y docentes de Institutos de Formaci\u00f3n de nuestra provincia y de nuestro Instituto en particular. Se realizar\u00e1 en diarios de cuatro localidades: \u00a0El Puntal de\u00a0R\u00edo Cuarto, La Voz de San Justo, de San Francisco, El Heraldo, de R\u00edo Tercero y La Voz de Villa Mar\u00eda.<\/p>\n<p>La iniciativa forma parte de una de las l\u00edneas del programa\u00a0Rumbo<em>\u00a0<\/em>del VIII\u00a0Congreso de la Lengua Espa\u00f1ola 2019 llevada a cabo desde el \u00e1rea Formaci\u00f3n de Formadores de la DGES.<\/p>\n<p>La primera separata fue producida en el Instituto Superior \u00abDr. Carlos Mar\u00eda Carena\u00bb de la ciudad de Mina Clavero. La publicaci\u00f3n durar\u00e1 15 semanas y la Facultad de Lenguas de la UNC, con quien se articula la propuesta, aportar\u00e1 una de las separatas.<\/p>\n<p>Disponible\u00a0<a title=\"https:\/\/drive.google.com\/file\/d\/1pCGzQddS-OyKk3vs25fBDwncnmUC2LhT\/view?usp=sharing\" href=\"https:\/\/drive.google.com\/file\/d\/1pCGzQddS-OyKk3vs25fBDwncnmUC2LhT\/view?usp=sharing\" target=\"_NEW\" rel=\"noopener\" data-saferedirecturl=\"https:\/\/www.google.com\/url?q=https:\/\/drive.google.com\/file\/d\/1pCGzQddS-OyKk3vs25fBDwncnmUC2LhT\/view?usp%3Dsharing&amp;source=gmail&amp;ust=1537549336943000&amp;usg=AFQjCNEbgeoyUQhVZDcHkUQyPgefQKLzNw\">aqu\u00ed<\/a><\/p>\n<p><iframe style=\"width: 700px; height: 872px;\" src=\"\/\/e.issuu.com\/embed.html#31302375\/64630213\" frameborder=\"0\" allowfullscreen=\"allowfullscreen\"><\/iframe><\/p>\n","protected":false},"excerpt":{"rendered":"<p>El 26 de octubre iniciar\u00e1 la publicaci\u00f3n semanal \u00a0de una\u00a0separata cultural producida por estudiantes y docentes de Institutos de Formaci\u00f3n de nuestra provincia y de nuestro Instituto en particular. Se realizar\u00e1 en diarios de cuatro localidades: \u00a0El Puntal de\u00a0R\u00edo Cuarto, La Voz de San Justo, de San Francisco, El Heraldo, de R\u00edo Tercero y La &#8230; <a title=\"Separata cultural producida por Institutos de Formaci\u00f3n se publicar\u00e1 en diarios de la provincia\" class=\"read-more\" href=\"https:\/\/iesbolivar-cba.infd.edu.ar\/sitio\/separata-cultural-producida-por-institutos-de-formacion-se-publicara-en-diarios-de-la-provincia\/\" aria-label=\"More on Separata cultural producida por Institutos de Formaci\u00f3n se publicar\u00e1 en diarios de la provincia\">[+]<\/a><\/p>\n","protected":false},"author":3377,"featured_media":0,"comment_status":"open","ping_status":"open","sticky":false,"template":"","format":"standard","meta":[],"categories":[6],"tags":[],"acf":[],"_links":{"self":[{"href":"https:\/\/iesbolivar-cba.infd.edu.ar\/sitio\/wp-json\/wp\/v2\/posts\/1635"}],"collection":[{"href":"https:\/\/iesbolivar-cba.infd.edu.ar\/sitio\/wp-json\/wp\/v2\/posts"}],"about":[{"href":"https:\/\/iesbolivar-cba.infd.edu.ar\/sitio\/wp-json\/wp\/v2\/types\/post"}],"author":[{"embeddable":true,"href":"https:\/\/iesbolivar-cba.infd.edu.ar\/sitio\/wp-json\/wp\/v2\/users\/3377"}],"replies":[{"embeddable":true,"href":"https:\/\/iesbolivar-cba.infd.edu.ar\/sitio\/wp-json\/wp\/v2\/comments?post=1635"}],"version-history":[{"count":1,"href":"https:\/\/iesbolivar-cba.infd.edu.ar\/sitio\/wp-json\/wp\/v2\/posts\/1635\/revisions"}],"predecessor-version":[{"id":1636,"href":"https:\/\/iesbolivar-cba.infd.edu.ar\/sitio\/wp-json\/wp\/v2\/posts\/1635\/revisions\/1636"}],"wp:attachment":[{"href":"https:\/\/iesbolivar-cba.infd.edu.ar\/sitio\/wp-json\/wp\/v2\/media?parent=1635"}],"wp:term":[{"taxonomy":"category","embeddable":true,"href":"https:\/\/iesbolivar-cba.infd.edu.ar\/sitio\/wp-json\/wp\/v2\/categories?post=1635"},{"taxonomy":"post_tag","embeddable":true,"href":"https:\/\/iesbolivar-cba.infd.edu.ar\/sitio\/wp-json\/wp\/v2\/tags?post=1635"}],"curies":[{"name":"wp","href":"https:\/\/api.w.org\/{rel}","templated":true}]}}