{"id":1632,"date":"2018-09-20T13:29:28","date_gmt":"2018-09-20T16:29:28","guid":{"rendered":"https:\/\/iesbolivar-cba.infd.edu.ar\/sitio\/?p=1632"},"modified":"2018-09-20T13:29:28","modified_gmt":"2018-09-20T16:29:28","slug":"visita-educativa-estudiantes-de-lengua-y-literatura-en-la-feria-del-libro","status":"publish","type":"post","link":"https:\/\/iesbolivar-cba.infd.edu.ar\/sitio\/visita-educativa-estudiantes-de-lengua-y-literatura-en-la-feria-del-libro\/","title":{"rendered":"Visita educativa | Estudiantes de Lengua y Literatura en la Feria del Libro"},"content":{"rendered":"<div>\n<div class=\"m_2271322376474125115offset\">\n<div class=\"m_2271322376474125115contenido\">\n<div class=\"m_2271322376474125115ver_mail\">\n<div class=\"m_2271322376474125115mensaje m_2271322376474125115tiny_personalizado\">\n<p>El pasado 7 de septiembre los alumnos de 1er. a\u00f1o del Profesorado de Lengua y Literatura del turno noche visitaron la Feria del Libro. La actividad se enmarca dentro de los talleres integradores que coordinan las docentes Carolina Romero Rozas, Magdalena Gonz\u00e1lez Almada y Romina Grana.\u00a0El objetivo propuesto fue revisar las modalidades que adquiere la pr\u00e1ctica de educar fuera del aula. Los alumnos asistieron en grupos a distintos eventos y los registraron etnogr\u00e1ficamente. Tambi\u00e9n disfrutaron de la compra de algunos libros.<\/p>\n<p><img decoding=\"async\" class=\"CToWUd a6T\" tabindex=\"0\" src=\"https:\/\/ci6.googleusercontent.com\/proxy\/2wiSTMeMFy4w5aWmG6R6JIq0PlNE0eU480QJtfdfm_iMItfFZUn3mZWHXm0voonBAp5pUcwMcCHVAmzlAssDyOA7nrzXg1cWVNxmRKDhyrX_T3LIdYz-49HV9TaCRj7OqmoTUJECSao=s0-d-e1-ft#https:\/\/iesbolivar-cba.infd.edu.ar\/aula\/archivos\/repositorio\/\/1500\/1527\/Foto_2.jpg\" width=\"700\" border=\"0\" \/><\/p>\n<p><img decoding=\"async\" class=\"CToWUd a6T\" tabindex=\"0\" src=\"https:\/\/ci6.googleusercontent.com\/proxy\/tFrYJpRQOfDi1pVAP-VN0qozpXMNug75c3wm_Ji7RB6fKi8AXUEOjBt2PHZ9FIsjLv3oAx5IALaCk7rkb_x-vI8KwSMH9Gh2sI14u93WLzJQwkeb8jUFnp4ptu6LlFhLHYPHBrUcgLg=s0-d-e1-ft#https:\/\/iesbolivar-cba.infd.edu.ar\/aula\/archivos\/repositorio\/\/1500\/1528\/Foto_1.jpg\" width=\"700\" border=\"0\" \/><\/p>\n<\/div>\n<\/div>\n<\/div>\n<\/div>\n<\/div>\n","protected":false},"excerpt":{"rendered":"<p>El pasado 7 de septiembre los alumnos de 1er. a\u00f1o del Profesorado de Lengua y Literatura del turno noche visitaron la Feria del Libro. La actividad se enmarca dentro de los talleres integradores que coordinan las docentes Carolina Romero Rozas, Magdalena Gonz\u00e1lez Almada y Romina Grana.\u00a0El objetivo propuesto fue revisar las modalidades que adquiere la &#8230; <a title=\"Visita educativa | Estudiantes de Lengua y Literatura en la Feria del Libro\" class=\"read-more\" href=\"https:\/\/iesbolivar-cba.infd.edu.ar\/sitio\/visita-educativa-estudiantes-de-lengua-y-literatura-en-la-feria-del-libro\/\" aria-label=\"More on Visita educativa | Estudiantes de Lengua y Literatura en la Feria del Libro\">[+]<\/a><\/p>\n","protected":false},"author":3377,"featured_media":0,"comment_status":"open","ping_status":"open","sticky":false,"template":"","format":"standard","meta":[],"categories":[6],"tags":[],"acf":[],"_links":{"self":[{"href":"https:\/\/iesbolivar-cba.infd.edu.ar\/sitio\/wp-json\/wp\/v2\/posts\/1632"}],"collection":[{"href":"https:\/\/iesbolivar-cba.infd.edu.ar\/sitio\/wp-json\/wp\/v2\/posts"}],"about":[{"href":"https:\/\/iesbolivar-cba.infd.edu.ar\/sitio\/wp-json\/wp\/v2\/types\/post"}],"author":[{"embeddable":true,"href":"https:\/\/iesbolivar-cba.infd.edu.ar\/sitio\/wp-json\/wp\/v2\/users\/3377"}],"replies":[{"embeddable":true,"href":"https:\/\/iesbolivar-cba.infd.edu.ar\/sitio\/wp-json\/wp\/v2\/comments?post=1632"}],"version-history":[{"count":1,"href":"https:\/\/iesbolivar-cba.infd.edu.ar\/sitio\/wp-json\/wp\/v2\/posts\/1632\/revisions"}],"predecessor-version":[{"id":1633,"href":"https:\/\/iesbolivar-cba.infd.edu.ar\/sitio\/wp-json\/wp\/v2\/posts\/1632\/revisions\/1633"}],"wp:attachment":[{"href":"https:\/\/iesbolivar-cba.infd.edu.ar\/sitio\/wp-json\/wp\/v2\/media?parent=1632"}],"wp:term":[{"taxonomy":"category","embeddable":true,"href":"https:\/\/iesbolivar-cba.infd.edu.ar\/sitio\/wp-json\/wp\/v2\/categories?post=1632"},{"taxonomy":"post_tag","embeddable":true,"href":"https:\/\/iesbolivar-cba.infd.edu.ar\/sitio\/wp-json\/wp\/v2\/tags?post=1632"}],"curies":[{"name":"wp","href":"https:\/\/api.w.org\/{rel}","templated":true}]}}