{"id":1624,"date":"2018-09-17T19:11:02","date_gmt":"2018-09-17T22:11:02","guid":{"rendered":"https:\/\/iesbolivar-cba.infd.edu.ar\/sitio\/?p=1624"},"modified":"2018-09-17T19:11:02","modified_gmt":"2018-09-17T22:11:02","slug":"estudiantes-del-anexo-villa-el-libertador-en-el-ciclo-de-docentes-escritores-rumbo-al-viii-congreso-internacional-de-la-lengua-espanola","status":"publish","type":"post","link":"https:\/\/iesbolivar-cba.infd.edu.ar\/sitio\/estudiantes-del-anexo-villa-el-libertador-en-el-ciclo-de-docentes-escritores-rumbo-al-viii-congreso-internacional-de-la-lengua-espanola\/","title":{"rendered":"Estudiantes del Anexo Villa El Libertador en el Ciclo de docentes escritores | Rumbo al VIII Congreso Internacional de la Lengua Espa\u00f1ola"},"content":{"rendered":"<div id=\"section\">\n<div id=\"main\">\n<div class=\"offset\">\n<div class=\"contenido\">\n<article class=\"detalle_noticia\">\n<div class=\"tiny_personalizado text_overflow\">\n<p>El pasado 10 de septiembre tuvo lugar, en la sede del IES \u201cEduardo Lef\u00e8bvre\u201d de Laboulaye el encuentro de estudiantes-escritores en el marco del Programa Rumbo al VIII Congreso Internacional de la Lengua Espa\u00f1ola.<\/p>\n<p>Del encuentro participaron los alumnos del Anexo Villa El Libertador: Carlos Salinas, Claudio Sarmiento, Magdalena Tomanek y Daniela Zagales; acompa\u00f1ados por la Profesora de Did\u00e1ctica de la Literatura Soledad Miranda. Desde el \u00e1rea de Formaci\u00f3n de Formadores -cuya referente es la profesora Mar\u00eda Gabriel Gay- asistieron Cecilia Sehringer y Lourdes Mariela P\u00e9rez, coordinadoras del Ciclo.<\/p>\n<p>El\u00a0<strong>Ciclo de docentes escritores<\/strong>\u00a0es una iniciativa del \u00e1rea de Formaci\u00f3n de Formadores que convoca a los docentes de los Profesorados de Educaci\u00f3n Secundaria en Lengua y Literatura (DGES) y de la Facultad de Lenguas (FL- UNC), que tengan publicaciones de literatura a participar del ciclo de lecturas en los Institutos Superiores de Formaci\u00f3n Docente (ISFD). La propuesta pretende poner en valor el trabajo de escritura de profesores que adem\u00e1s son escritores y hacerla circular entre la comunidad educativa de los otros ISFD. Se enmarca en las actividades previstas por la Direcci\u00f3n General de Educaci\u00f3n Superior en el Programa Rumbo al VIII Congreso Internacional de la Lengua Espa\u00f1ola.<\/p>\n<p>Todo result\u00f3 maravilloso desde la c\u00e1lida bienvenida hasta el abrazo final. Los estudiantes escritores participaron de una conversaci\u00f3n literaria detalladamente planificada pasando por el recitado de algunas de sus poes\u00edas con una guitarra de fondo que le puso m\u00fasica a las palabras. En ello se pudo dar cuenta que sus obras fueron profundamente le\u00eddas y analizadas. \u00a1Todo un orgullo!<\/p>\n<p><img decoding=\"async\" class=\"CToWUd a6T\" src=\"https:\/\/ci4.googleusercontent.com\/proxy\/vWRz_QvUn0zy7keHYpd-1Zqys4SGfP45D31a57ciU0xBnfZXGurPKMCExztZjqA35pIktjimlQajE3Ho4XG84zt7_lN3nl65fNdZXzwgzbitanfZxrLbYTJdD4e0lvpchASa2OZgpbQezTiNFG2H8AZr-Gqb=s0-d-e1-ft#https:\/\/iesbolivar-cba.infd.edu.ar\/aula\/archivos\/repositorio\/\/1500\/1503\/IMG-20180916-WA0067.jpg\" width=\"700\" border=\"0\" \/><\/p>\n<p><img decoding=\"async\" class=\"CToWUd a6T\" src=\"https:\/\/ci3.googleusercontent.com\/proxy\/qjo8Mjv2EMLUGQVVTRNvf9zKJfGTcjKnR8R2AcpSlJDsFBveq3G5fkXrJQXSJngJTqsrHH1D8TXqrVaYgvMvSGqkoY8SIgfFOI0y7USJ7Izhjz84lO5Lr8X49vGmlRlmLoQ1J6jbUuTDGDdwyZT3uEvhDS3A=s0-d-e1-ft#https:\/\/iesbolivar-cba.infd.edu.ar\/aula\/archivos\/repositorio\/\/1500\/1504\/IMG-20180916-WA0068.jpg\" width=\"700\" border=\"0\" \/><\/p>\n<p><img decoding=\"async\" class=\"CToWUd a6T\" src=\"https:\/\/ci3.googleusercontent.com\/proxy\/aoxQWz4sg6N2vCEYTS1SMpzAl5P1rtL8nXovXwmKU1pccG45rjrhJ4lpoD_w0ZVEWSu7ULbbOyjzWC2VpwjFt8nmjbBWe5SMbqe9N0XTU7wOXNCx2GbpyMDljQihELpBUOqCG0Tfk2pkj5Y8r1FeilRImiUtcf4=s0-d-e1-ft#https:\/\/iesbolivar-cba.infd.edu.ar\/aula\/archivos\/repositorio\/\/1500\/1505\/IMG-20180910-WA0069_1.jpg\" width=\"700\" border=\"0\" \/><\/p>\n<\/div>\n<\/article>\n<\/div>\n<\/div>\n<\/div>\n<\/div>\n","protected":false},"excerpt":{"rendered":"<p>El pasado 10 de septiembre tuvo lugar, en la sede del IES \u201cEduardo Lef\u00e8bvre\u201d de Laboulaye el encuentro de estudiantes-escritores en el marco del Programa Rumbo al VIII Congreso Internacional de la Lengua Espa\u00f1ola. Del encuentro participaron los alumnos del Anexo Villa El Libertador: Carlos Salinas, Claudio Sarmiento, Magdalena Tomanek y Daniela Zagales; acompa\u00f1ados por &#8230; <a title=\"Estudiantes del Anexo Villa El Libertador en el Ciclo de docentes escritores | Rumbo al VIII Congreso Internacional de la Lengua Espa\u00f1ola\" class=\"read-more\" href=\"https:\/\/iesbolivar-cba.infd.edu.ar\/sitio\/estudiantes-del-anexo-villa-el-libertador-en-el-ciclo-de-docentes-escritores-rumbo-al-viii-congreso-internacional-de-la-lengua-espanola\/\" aria-label=\"More on Estudiantes del Anexo Villa El Libertador en el Ciclo de docentes escritores | Rumbo al VIII Congreso Internacional de la Lengua Espa\u00f1ola\">[+]<\/a><\/p>\n","protected":false},"author":3377,"featured_media":0,"comment_status":"open","ping_status":"open","sticky":false,"template":"","format":"standard","meta":[],"categories":[6],"tags":[],"acf":[],"_links":{"self":[{"href":"https:\/\/iesbolivar-cba.infd.edu.ar\/sitio\/wp-json\/wp\/v2\/posts\/1624"}],"collection":[{"href":"https:\/\/iesbolivar-cba.infd.edu.ar\/sitio\/wp-json\/wp\/v2\/posts"}],"about":[{"href":"https:\/\/iesbolivar-cba.infd.edu.ar\/sitio\/wp-json\/wp\/v2\/types\/post"}],"author":[{"embeddable":true,"href":"https:\/\/iesbolivar-cba.infd.edu.ar\/sitio\/wp-json\/wp\/v2\/users\/3377"}],"replies":[{"embeddable":true,"href":"https:\/\/iesbolivar-cba.infd.edu.ar\/sitio\/wp-json\/wp\/v2\/comments?post=1624"}],"version-history":[{"count":1,"href":"https:\/\/iesbolivar-cba.infd.edu.ar\/sitio\/wp-json\/wp\/v2\/posts\/1624\/revisions"}],"predecessor-version":[{"id":1625,"href":"https:\/\/iesbolivar-cba.infd.edu.ar\/sitio\/wp-json\/wp\/v2\/posts\/1624\/revisions\/1625"}],"wp:attachment":[{"href":"https:\/\/iesbolivar-cba.infd.edu.ar\/sitio\/wp-json\/wp\/v2\/media?parent=1624"}],"wp:term":[{"taxonomy":"category","embeddable":true,"href":"https:\/\/iesbolivar-cba.infd.edu.ar\/sitio\/wp-json\/wp\/v2\/categories?post=1624"},{"taxonomy":"post_tag","embeddable":true,"href":"https:\/\/iesbolivar-cba.infd.edu.ar\/sitio\/wp-json\/wp\/v2\/tags?post=1624"}],"curies":[{"name":"wp","href":"https:\/\/api.w.org\/{rel}","templated":true}]}}