{"id":1616,"date":"2018-09-17T18:25:49","date_gmt":"2018-09-17T21:25:49","guid":{"rendered":"https:\/\/iesbolivar-cba.infd.edu.ar\/sitio\/?p=1616"},"modified":"2018-09-17T18:25:49","modified_gmt":"2018-09-17T21:25:49","slug":"12o-encuentro-de-bibliotecarios-de-la-provincia-de-cordoba-en-el-ies-simon-bolivar","status":"publish","type":"post","link":"https:\/\/iesbolivar-cba.infd.edu.ar\/sitio\/12o-encuentro-de-bibliotecarios-de-la-provincia-de-cordoba-en-el-ies-simon-bolivar\/","title":{"rendered":"12\u00ba Encuentro de Bibliotecarios de la Provincia de C\u00f3rdoba en el IES Sim\u00f3n Bol\u00edvar"},"content":{"rendered":"<div>\n<p>El s\u00e1bado 15 de septiembre de 2018 se llev\u00f3 a cabo, en el IES Sim\u00f3n Bol\u00edvar, el 12\u00ba Encuentro de Bibliotecarios de la Provincia de C\u00f3rdoba, titulado \u201cEl bibliotecario frente a las complejidades sociales\u201d.<\/p>\n<p>En esta oportunidad, el tradicional encuentro se convirti\u00f3 en una instancia de formaci\u00f3n para los bibliotecarios, ya que cont\u00f3 con tres talleres sobre diversas cuestiones vinculadas al \u00e1mbito de las bibliotecas. Ellos fueron: \u201cLa circulaci\u00f3n de la literatura infantil y juvenil en las bibliotecas populares: el bibliotecario como un compa\u00f1ero de lecturas\u201d, \u201cCreatividad e innovaci\u00f3n: c\u00f3mo generar valor agregado\u201d y \u201cDise\u00f1o de proyectos educativos en la biblioteca\u201d.<\/p>\n<p>Esta enriquecedora actividad estuvo organizada por la Asociaci\u00f3n Bibliotecarios de C\u00f3rdoba (A.B.C.), y participaron de ella bibliotecarios de las ciudades de C\u00f3rdoba y San Francisco, as\u00ed como de la provincia de La Rioja.<\/p>\n<p><img decoding=\"async\" class=\"m_-7889635205539997110CToWUd m_-7889635205539997110a6T CToWUd a6T\" tabindex=\"0\" src=\"https:\/\/ci6.googleusercontent.com\/proxy\/ru_fbPZgM6Qtv7ejtgXerhBC2TWYwBY36oSl2tzFkFxa8_Kxvv-4C7CcXMHDXBMNyyfFFMvgr7linMQ-ERlOPUrXkAJq3cvYPbhHmI89mSIjpw8hcHfyrIWSVmkXmGXna9T7-5PvvdJBvEpJwF4oqral8V1NjyihSD4O3HXGW9rXfr06eVmB3Sfi4sB_h3axSA=s0-d-e1-ft#https:\/\/iesbolivar-cba.infd.edu.ar\/aula\/archivos\/repositorio\/\/1250\/1499\/41817474_1937848606276831_5118025081661947904_n.jpg\" width=\"700\" border=\"0\" \/><\/p>\n<p><img decoding=\"async\" class=\"m_-7889635205539997110CToWUd m_-7889635205539997110a6T CToWUd a6T\" tabindex=\"0\" src=\"https:\/\/ci3.googleusercontent.com\/proxy\/SSBuUZKtB4J8Z3BUFFqKiXg8zj_2Eo45XK0yK4Y0aZfo3Haf_7B5o0TfD-kLVrSO8AhXlZZ_A-YzUQ0zD3J7y_rOh_wqKOuij--j0rIl-P5r77F0xdXXzvUL-Jgy7K2NmhvU8iHgH2H4z2adKgJcj1AwpZmJFQ0j952QRIT2LlSWS4lUcMuwNA1TCxdXokDmPA=s0-d-e1-ft#https:\/\/iesbolivar-cba.infd.edu.ar\/aula\/archivos\/repositorio\/\/1500\/1501\/41771681_1937534302974928_5633147258527547392_n.jpg\" width=\"700\" border=\"0\" \/><\/p>\n<p><img decoding=\"async\" class=\"m_-7889635205539997110CToWUd m_-7889635205539997110a6T CToWUd a6T\" tabindex=\"0\" src=\"https:\/\/ci5.googleusercontent.com\/proxy\/7bO4jVTNDYO_9T0qJT66_HXmofa-hZfiQAVaz66W3Il762kWUk6dQdJ-BT0SUYsf-tC6ffpXFJx5fEBSI2nnxXzqzC88b6u0dvc1p-B7cbclJ9R2GkkSSuIclL6eIZmr5ehHu6TB5_v25HBRIaS3gbuHLirBUa43i4EM5GYzF9hxnRbzVqCPpiSvSMrSp5X5=s0-d-e1-ft#https:\/\/iesbolivar-cba.infd.edu.ar\/aula\/archivos\/repositorio\/\/1500\/1500\/41758791_1937691382959220_535818039422091264_n.jpg\" width=\"700\" border=\"0\" \/><\/p>\n<\/div>\n<p>&nbsp;<\/p>\n","protected":false},"excerpt":{"rendered":"<p>El s\u00e1bado 15 de septiembre de 2018 se llev\u00f3 a cabo, en el IES Sim\u00f3n Bol\u00edvar, el 12\u00ba Encuentro de Bibliotecarios de la Provincia de C\u00f3rdoba, titulado \u201cEl bibliotecario frente a las complejidades sociales\u201d. En esta oportunidad, el tradicional encuentro se convirti\u00f3 en una instancia de formaci\u00f3n para los bibliotecarios, ya que cont\u00f3 con tres &#8230; <a title=\"12\u00ba Encuentro de Bibliotecarios de la Provincia de C\u00f3rdoba en el IES Sim\u00f3n Bol\u00edvar\" class=\"read-more\" href=\"https:\/\/iesbolivar-cba.infd.edu.ar\/sitio\/12o-encuentro-de-bibliotecarios-de-la-provincia-de-cordoba-en-el-ies-simon-bolivar\/\" aria-label=\"More on 12\u00ba Encuentro de Bibliotecarios de la Provincia de C\u00f3rdoba en el IES Sim\u00f3n Bol\u00edvar\">[+]<\/a><\/p>\n","protected":false},"author":3377,"featured_media":0,"comment_status":"open","ping_status":"open","sticky":false,"template":"","format":"standard","meta":[],"categories":[6],"tags":[],"acf":[],"_links":{"self":[{"href":"https:\/\/iesbolivar-cba.infd.edu.ar\/sitio\/wp-json\/wp\/v2\/posts\/1616"}],"collection":[{"href":"https:\/\/iesbolivar-cba.infd.edu.ar\/sitio\/wp-json\/wp\/v2\/posts"}],"about":[{"href":"https:\/\/iesbolivar-cba.infd.edu.ar\/sitio\/wp-json\/wp\/v2\/types\/post"}],"author":[{"embeddable":true,"href":"https:\/\/iesbolivar-cba.infd.edu.ar\/sitio\/wp-json\/wp\/v2\/users\/3377"}],"replies":[{"embeddable":true,"href":"https:\/\/iesbolivar-cba.infd.edu.ar\/sitio\/wp-json\/wp\/v2\/comments?post=1616"}],"version-history":[{"count":1,"href":"https:\/\/iesbolivar-cba.infd.edu.ar\/sitio\/wp-json\/wp\/v2\/posts\/1616\/revisions"}],"predecessor-version":[{"id":1619,"href":"https:\/\/iesbolivar-cba.infd.edu.ar\/sitio\/wp-json\/wp\/v2\/posts\/1616\/revisions\/1619"}],"wp:attachment":[{"href":"https:\/\/iesbolivar-cba.infd.edu.ar\/sitio\/wp-json\/wp\/v2\/media?parent=1616"}],"wp:term":[{"taxonomy":"category","embeddable":true,"href":"https:\/\/iesbolivar-cba.infd.edu.ar\/sitio\/wp-json\/wp\/v2\/categories?post=1616"},{"taxonomy":"post_tag","embeddable":true,"href":"https:\/\/iesbolivar-cba.infd.edu.ar\/sitio\/wp-json\/wp\/v2\/tags?post=1616"}],"curies":[{"name":"wp","href":"https:\/\/api.w.org\/{rel}","templated":true}]}}