{"id":1614,"date":"2018-09-17T18:24:39","date_gmt":"2018-09-17T21:24:39","guid":{"rendered":"https:\/\/iesbolivar-cba.infd.edu.ar\/sitio\/?p=1614"},"modified":"2018-09-17T18:24:39","modified_gmt":"2018-09-17T21:24:39","slug":"ampliando-horizontes-de-lectura-taller-sobre-narrativas-bolivianas-en-la-extension-aulica-de-barrio-villa-el-libertador","status":"publish","type":"post","link":"https:\/\/iesbolivar-cba.infd.edu.ar\/sitio\/ampliando-horizontes-de-lectura-taller-sobre-narrativas-bolivianas-en-la-extension-aulica-de-barrio-villa-el-libertador\/","title":{"rendered":"Ampliando horizontes de lectura: Taller sobre Narrativas Bolivianas en la extensi\u00f3n a\u00falica de barrio Villa El Libertador"},"content":{"rendered":"<p>Durante los d\u00edas 28 de agosto, 4 y 12 de septiembre, se llev\u00f3 a cabo en la instituci\u00f3n el\u00a0<em><strong>Taller sobre Narrativas Bolivianas,<\/strong><\/em>\u00a0actividad organizada por la prof. Romina Chuquimia. El taller estuvo a cargo del Grupo de Estudios sobre Narrativas Bolivianas integrado por las profesoras Hina Ponce, Mar\u00eda Constanza Clerico, Florencia Rossi, Mariana Lardone, Catalina Sanchez, Sof\u00eda Benmergui y Sof\u00eda Pellicci y se desarroll\u00f3 en el marco del espacio curricular Literatura Latinoamericana II del Profesorado en Lengua y Literatura a cargo de la\/os profesores Magdalena Gonz\u00e1lez Almada y Bernardo Massoia.<\/p>\n<p>El primer encuentro cont\u00f3 con la distinguida presencia de la pensadora boliviana Silvia Rivera Cusicanqui, quien comparti\u00f3 un conversatorio con lo\/as estudiantes en la extensi\u00f3n \u00e1ulica ubicada en barrio Villa El Libertador. El encuentro coloc\u00f3 en un lugar central la reflexi\u00f3n sobre la docencia y las pr\u00e1cticas vinculadas a ella en relaci\u00f3n con la creaci\u00f3n de dispositivos de construcci\u00f3n de conocimiento en los que se juegan la palabra y la literatura.<\/p>\n<p>La actividad fue programada con el objetivo de alcanzar dos metas: en primer lugar, realizar una actividad que articulara las dos sedes del Instituto, es decir, la sede ubicada en barrio San Vicente y la sede ubicada en barrio Villa El Libertador; en segundo lugar, facilitar que lo\/as estudiantes se acercaran, en el marco de las literaturas latinoamericanas, a la literatura boliviana y pudieran acceder a material que integre sus bibliotecas como futuros docentes.<\/p>\n<p>En este sentido, y en relaci\u00f3n con la actividad realizada, se evidenci\u00f3 la importancia de difundir la literatura de Bolivia en C\u00f3rdoba como posibilidad de ampliar nuestros horizontes de lecturas y las b\u00fasquedas literarias en nuestra ciudad.<\/p>\n<p><img decoding=\"async\" class=\"CToWUd a6T\" tabindex=\"0\" src=\"https:\/\/ci5.googleusercontent.com\/proxy\/3z305btteHesorzn8RTqbTVEuoN6a8ypr6tQBUS4HyQF0ItRRA7opZqpNxY5aTF6dkO37xlZwExXBH-tAnTJKoN5zyxRd77ytHKlPIFH0Uk1_U-CC4lnMpZitP_4z7_qD1tfcxAa2WjaFS6zT1spw2bOErw=s0-d-e1-ft#https:\/\/iesbolivar-cba.infd.edu.ar\/aula\/archivos\/repositorio\/\/1250\/1498\/encuentro_bolivia2.png\" width=\"700\" border=\"0\" \/><br \/>\n<em>Lo\/as estudiantes con\u00a0la pensadora boliviana Silvia Rivera Cusicanqui (en el centro.<\/em><\/p>\n<p><img decoding=\"async\" class=\"CToWUd a6T\" tabindex=\"0\" src=\"https:\/\/ci5.googleusercontent.com\/proxy\/urS3lOm8Etews-xRBkcItrbdwvENCKaz2BrXiW7nh9eKiJr1ZX1knAMEmGWMhXE-Zm6pgEhf5gb0XTo4b-I5UkWoyYYpI9YwouOs13hP8AEfK3un6lptSLVXDyQdpjQp-m2L2Gy_kDm0u4C40wZwjIyamgQ=s0-d-e1-ft#https:\/\/iesbolivar-cba.infd.edu.ar\/aula\/archivos\/repositorio\/\/1250\/1497\/encuentro_bolivia3.png\" width=\"700\" border=\"0\" \/><\/p>\n","protected":false},"excerpt":{"rendered":"<p>Durante los d\u00edas 28 de agosto, 4 y 12 de septiembre, se llev\u00f3 a cabo en la instituci\u00f3n el\u00a0Taller sobre Narrativas Bolivianas,\u00a0actividad organizada por la prof. Romina Chuquimia. El taller estuvo a cargo del Grupo de Estudios sobre Narrativas Bolivianas integrado por las profesoras Hina Ponce, Mar\u00eda Constanza Clerico, Florencia Rossi, Mariana Lardone, Catalina Sanchez, &#8230; <a title=\"Ampliando horizontes de lectura: Taller sobre Narrativas Bolivianas en la extensi\u00f3n a\u00falica de barrio Villa El Libertador\" class=\"read-more\" href=\"https:\/\/iesbolivar-cba.infd.edu.ar\/sitio\/ampliando-horizontes-de-lectura-taller-sobre-narrativas-bolivianas-en-la-extension-aulica-de-barrio-villa-el-libertador\/\" aria-label=\"More on Ampliando horizontes de lectura: Taller sobre Narrativas Bolivianas en la extensi\u00f3n a\u00falica de barrio Villa El Libertador\">[+]<\/a><\/p>\n","protected":false},"author":3377,"featured_media":0,"comment_status":"open","ping_status":"open","sticky":false,"template":"","format":"standard","meta":[],"categories":[6],"tags":[],"acf":[],"_links":{"self":[{"href":"https:\/\/iesbolivar-cba.infd.edu.ar\/sitio\/wp-json\/wp\/v2\/posts\/1614"}],"collection":[{"href":"https:\/\/iesbolivar-cba.infd.edu.ar\/sitio\/wp-json\/wp\/v2\/posts"}],"about":[{"href":"https:\/\/iesbolivar-cba.infd.edu.ar\/sitio\/wp-json\/wp\/v2\/types\/post"}],"author":[{"embeddable":true,"href":"https:\/\/iesbolivar-cba.infd.edu.ar\/sitio\/wp-json\/wp\/v2\/users\/3377"}],"replies":[{"embeddable":true,"href":"https:\/\/iesbolivar-cba.infd.edu.ar\/sitio\/wp-json\/wp\/v2\/comments?post=1614"}],"version-history":[{"count":1,"href":"https:\/\/iesbolivar-cba.infd.edu.ar\/sitio\/wp-json\/wp\/v2\/posts\/1614\/revisions"}],"predecessor-version":[{"id":1615,"href":"https:\/\/iesbolivar-cba.infd.edu.ar\/sitio\/wp-json\/wp\/v2\/posts\/1614\/revisions\/1615"}],"wp:attachment":[{"href":"https:\/\/iesbolivar-cba.infd.edu.ar\/sitio\/wp-json\/wp\/v2\/media?parent=1614"}],"wp:term":[{"taxonomy":"category","embeddable":true,"href":"https:\/\/iesbolivar-cba.infd.edu.ar\/sitio\/wp-json\/wp\/v2\/categories?post=1614"},{"taxonomy":"post_tag","embeddable":true,"href":"https:\/\/iesbolivar-cba.infd.edu.ar\/sitio\/wp-json\/wp\/v2\/tags?post=1614"}],"curies":[{"name":"wp","href":"https:\/\/api.w.org\/{rel}","templated":true}]}}