{"id":1578,"date":"2018-08-17T09:36:09","date_gmt":"2018-08-17T12:36:09","guid":{"rendered":"https:\/\/iesbolivar-cba.infd.edu.ar\/sitio\/?p=1578"},"modified":"2018-08-17T09:36:09","modified_gmt":"2018-08-17T12:36:09","slug":"taller-de-conservacion-de-material-bibliografico-en-el-laboratorio-de-la-biblioteca-de-simon-bolivar","status":"publish","type":"post","link":"https:\/\/iesbolivar-cba.infd.edu.ar\/sitio\/taller-de-conservacion-de-material-bibliografico-en-el-laboratorio-de-la-biblioteca-de-simon-bolivar\/","title":{"rendered":"Taller de conservaci\u00f3n de material bibliogr\u00e1fico en el Laboratorio de la Biblioteca de Sim\u00f3n Bol\u00edvar"},"content":{"rendered":"<p>El pasado mi\u00e9rcoles 8 y Jueves 9 de agosto se dict\u00f3, en el Laboratorio de Conservaci\u00f3n de la Biblioteca Olga Pizarro de Vidal, 3er piso del IES Sim\u00f3n Bol\u00edvar, el curso taller: \u201cConservaci\u00f3n Preventiva: significado y alcances para museos, bibliotecas y archivos escolares\u201d. La propuesta estuvo a cargo del profesor y bibliotecario de nuestro Instituto Julio Fabi\u00e1n Meli\u00e1n y el profesor invitado Archivero Armando R\u00edos, tambi\u00e9n del Sim\u00f3n Bol\u00edvar.<\/p>\n<p>En el taller se abord\u00f3 la conservaci\u00f3n preventiva del material bibliogr\u00e1fico que se encuentra en bibliotecas, archivos y museos. El abordaje de esta problem\u00e1tica, vale destacar, forma parte de una pol\u00edtica que se viene desarrollando desde hace varios a\u00f1os en nuestro Instituto y en la cual la Biblioteca realiz\u00f3 acciones precursoras, capacitando no solamente en el cuidado de los libros sino tambi\u00e9n un cuidado de la salud del personal que trabaja en unidades de informaci\u00f3n.<\/p>\n<p>Entre otros objetivos, el taller se propuso formar a las personas interesadas en la conservaci\u00f3n preventiva con unas pautas claras y sencillas de actuaci\u00f3n que se puedan aplicar directamente en los fondos o colecciones de manera inmediata; promover y orientar el acercamiento al mundo profesional de la conservaci\u00f3n preventiva entre los bibliotecarios, archiveros, muse\u00f3logos y personas interesadas y proporcionar conocimientos te\u00f3rico-pr\u00e1cticos sobre las condiciones id\u00f3neas para el montaje de exposiciones de libros, documentos y obra gr\u00e1fica.<\/p>\n<p><img decoding=\"async\" loading=\"lazy\" class=\"CToWUd a6T\" tabindex=\"0\" src=\"https:\/\/ci4.googleusercontent.com\/proxy\/dJZmN9PHh3ZuTDSmtpeR0uIyMd8bk9GHGxMdHTj96sSh1vXcvpEbCFRGMR-UYpBqu0xyjM0_T1fHfK21ZIV7j0Zbe_smziH8JgB4-mk-NnWzS64gdQsqifHZilhO3RDfYhVsnnUuzGeZuQ=s0-d-e1-ft#https:\/\/iesbolivar-cba.infd.edu.ar\/aula\/archivos\/repositorio\/\/1250\/1456\/DSC07636.jpg\" alt=\"\" width=\"700\" height=\"418\" border=\"0\" \/><\/p>\n<p><img decoding=\"async\" class=\"CToWUd a6T\" tabindex=\"0\" src=\"https:\/\/ci4.googleusercontent.com\/proxy\/3HaFuTyzuh0CD-zH-G9LDBDpwRHLxexx2qgzlZOX4FJkbmCekfOhu2vgkU5UX6nSPXGRYHW1d-zkK8HRlz_u8LezI3nx6n0PxhdaSESp7UuXHhdU1jd9QRkaAm1KhPfjq63puCfj9eSTrA=s0-d-e1-ft#https:\/\/iesbolivar-cba.infd.edu.ar\/aula\/archivos\/repositorio\/\/1250\/1457\/DSC07650.jpg\" border=\"0\" \/><\/p>\n<p><img decoding=\"async\" class=\"CToWUd a6T\" tabindex=\"0\" src=\"https:\/\/ci4.googleusercontent.com\/proxy\/d1Y0rVBIc7Ko68urpaisbFU8bldNXpKm7m22YF92eVqmsMMDrUSg7PCNif-8wdAZncpkESmSmfQ8fE8Bbwuzwk_Ta4Oj5if1N4e4xVVXf9l1GM0JtQvQmz7TEyce4Qi0MBzzcbLjS9NVtg=s0-d-e1-ft#https:\/\/iesbolivar-cba.infd.edu.ar\/aula\/archivos\/repositorio\/\/1250\/1455\/DSC07625.jpg\" border=\"0\" \/><\/p>\n<p><img decoding=\"async\" class=\"CToWUd a6T\" tabindex=\"0\" src=\"https:\/\/ci5.googleusercontent.com\/proxy\/EvV1X7a0njPnafQdTt9GCku1wVR4zUI8aBcJ0opuq2-ZUnLZGWZCiQqO-Eyomaj_Hqpaomuxjm9_dhicgyvXqABawhwh-z7blH7ZGtWZaL4PRr5Mvztsl-urUMKN4Wr5czZsg1IJ-NbWVg=s0-d-e1-ft#https:\/\/iesbolivar-cba.infd.edu.ar\/aula\/archivos\/repositorio\/\/1250\/1454\/DSC07624.jpg\" border=\"0\" \/><\/p>\n<p>&nbsp;<\/p>\n","protected":false},"excerpt":{"rendered":"<p>El pasado mi\u00e9rcoles 8 y Jueves 9 de agosto se dict\u00f3, en el Laboratorio de Conservaci\u00f3n de la Biblioteca Olga Pizarro de Vidal, 3er piso del IES Sim\u00f3n Bol\u00edvar, el curso taller: \u201cConservaci\u00f3n Preventiva: significado y alcances para museos, bibliotecas y archivos escolares\u201d. La propuesta estuvo a cargo del profesor y bibliotecario de nuestro Instituto &#8230; <a title=\"Taller de conservaci\u00f3n de material bibliogr\u00e1fico en el Laboratorio de la Biblioteca de Sim\u00f3n Bol\u00edvar\" class=\"read-more\" href=\"https:\/\/iesbolivar-cba.infd.edu.ar\/sitio\/taller-de-conservacion-de-material-bibliografico-en-el-laboratorio-de-la-biblioteca-de-simon-bolivar\/\" aria-label=\"More on Taller de conservaci\u00f3n de material bibliogr\u00e1fico en el Laboratorio de la Biblioteca de Sim\u00f3n Bol\u00edvar\">[+]<\/a><\/p>\n","protected":false},"author":3377,"featured_media":0,"comment_status":"open","ping_status":"open","sticky":false,"template":"","format":"standard","meta":[],"categories":[6],"tags":[],"acf":[],"_links":{"self":[{"href":"https:\/\/iesbolivar-cba.infd.edu.ar\/sitio\/wp-json\/wp\/v2\/posts\/1578"}],"collection":[{"href":"https:\/\/iesbolivar-cba.infd.edu.ar\/sitio\/wp-json\/wp\/v2\/posts"}],"about":[{"href":"https:\/\/iesbolivar-cba.infd.edu.ar\/sitio\/wp-json\/wp\/v2\/types\/post"}],"author":[{"embeddable":true,"href":"https:\/\/iesbolivar-cba.infd.edu.ar\/sitio\/wp-json\/wp\/v2\/users\/3377"}],"replies":[{"embeddable":true,"href":"https:\/\/iesbolivar-cba.infd.edu.ar\/sitio\/wp-json\/wp\/v2\/comments?post=1578"}],"version-history":[{"count":1,"href":"https:\/\/iesbolivar-cba.infd.edu.ar\/sitio\/wp-json\/wp\/v2\/posts\/1578\/revisions"}],"predecessor-version":[{"id":1579,"href":"https:\/\/iesbolivar-cba.infd.edu.ar\/sitio\/wp-json\/wp\/v2\/posts\/1578\/revisions\/1579"}],"wp:attachment":[{"href":"https:\/\/iesbolivar-cba.infd.edu.ar\/sitio\/wp-json\/wp\/v2\/media?parent=1578"}],"wp:term":[{"taxonomy":"category","embeddable":true,"href":"https:\/\/iesbolivar-cba.infd.edu.ar\/sitio\/wp-json\/wp\/v2\/categories?post=1578"},{"taxonomy":"post_tag","embeddable":true,"href":"https:\/\/iesbolivar-cba.infd.edu.ar\/sitio\/wp-json\/wp\/v2\/tags?post=1578"}],"curies":[{"name":"wp","href":"https:\/\/api.w.org\/{rel}","templated":true}]}}