{"id":1567,"date":"2018-08-02T15:45:59","date_gmt":"2018-08-02T18:45:59","guid":{"rendered":"https:\/\/iesbolivar-cba.infd.edu.ar\/sitio\/?p=1567"},"modified":"2018-08-02T15:45:59","modified_gmt":"2018-08-02T18:45:59","slug":"se-publico-el-trabajo-de-estudiante-de-nuestro-instituto-premiada-en-las-olimpiada-de-historia-de-cordoba","status":"publish","type":"post","link":"https:\/\/iesbolivar-cba.infd.edu.ar\/sitio\/se-publico-el-trabajo-de-estudiante-de-nuestro-instituto-premiada-en-las-olimpiada-de-historia-de-cordoba\/","title":{"rendered":"Se public\u00f3 el trabajo de estudiante de nuestro Instituto premiada en las Olimpiada de Historia de C\u00f3rdoba"},"content":{"rendered":"<p><img decoding=\"async\" loading=\"lazy\" class=\"CToWUd a6T\" tabindex=\"0\" src=\"https:\/\/ci3.googleusercontent.com\/proxy\/FifG1z3k6HHU3ye08aI-qSA4JGcbIi01rIQQM7djp-neO1PveT85lLppXZiT1QV9JspSEKXUND3E6wd4jSLUs_3CA0-LpK5kR1cyuf7yCBNiQrD_VRr8SoYYFDSGRd4Basa3q4gx9IwNxojWcizolPYWBAbn=s0-d-e1-ft#https:\/\/iesbolivar-cba.infd.edu.ar\/aula\/archivos\/repositorio\/\/1250\/1427\/imagen_publoicacion.png\" alt=\"\" width=\"700\" height=\"452\" border=\"0\" \/><\/p>\n<p>El trabajo de investigaci\u00f3n de Alejandra Castillo, estudiante del Profesorado de Historia del IES Sim\u00f3n Bol\u00edvar, con el cual obtuvo el primer premio en las Olimp\u00edada de Historia de C\u00f3rdoba 2017, fue publicado por la Direcci\u00f3n General de Programas Especiales del Ministerio de Educaci\u00f3n de la Provincia de C\u00f3rdoba.<\/p>\n<p>Recordemos que Alejandra, con el apoyo de la Profesora de nuestro Instituto Constanza Bosch, quien la acompa\u00f1\u00f3 como su tutora, realiz\u00f3 un proyecto de investigaci\u00f3n que tuvo entre otros objetivos indagar el tratamiento de la tem\u00e1tica afro en las aulas y conocer si exist\u00eda relaci\u00f3n entre la historia investigada y la historia ense\u00f1ada.<\/p>\n<p>El trabajo titulado \u201c`Redescubriendo nuestras ra\u00edces` Historia afrodescendiente en \u00e1mbitos educativos\u201d, hoy publicado, fue as\u00ed el resultado de una proceso que comenz\u00f3 a mediados de junio del a\u00f1o pasado y abarc\u00f3 varias etapas: la elaboraci\u00f3n de un dise\u00f1o de investigaci\u00f3n, la recolecci\u00f3n de los\u00a0datos, el an\u00e1lisis de la informaci\u00f3n para responder a las preguntas de investigaci\u00f3n y, finalmente, la elaboraci\u00f3n de un ensayo preliminar.<\/p>\n<p>Para acceder a la publicaci\u00f3n hacer\u00a0<a title=\"https:\/\/drive.google.com\/file\/d\/17FMItHtWej4l8C_CP8I_zEI3Eg7Bo648\/view?usp=sharing\" href=\"https:\/\/drive.google.com\/file\/d\/17FMItHtWej4l8C_CP8I_zEI3Eg7Bo648\/view?usp=sharing\" target=\"_blank\" rel=\"noopener\" data-saferedirecturl=\"https:\/\/www.google.com\/url?q=https:\/\/drive.google.com\/file\/d\/17FMItHtWej4l8C_CP8I_zEI3Eg7Bo648\/view?usp%3Dsharing&amp;source=gmail&amp;ust=1533321894403000&amp;usg=AFQjCNGAPBUmAnyjemMx9OSakG03_nfR8A\">clic aqu\u00ed<\/a>.<\/p>\n<p><em>Alejandra Castillo, entrega de reconocimiento (a\u00f1o 2017)<\/em><\/p>\n<p><img decoding=\"async\" loading=\"lazy\" class=\"CToWUd a6T\" tabindex=\"0\" src=\"https:\/\/ci6.googleusercontent.com\/proxy\/qIPpQQUJ8W6DybkJFf_dK9raOk39Y3KwPd6_VQfrLIdqBBCRnwRTrlFVEWP2jTjmHm4nxNH4KJUTQjWEm64v0MKirTiXiBQSTvt-76AT71HSI9Yay9HFSosvQZektK_9MGEw-57cLdCEM6Yle1r5zDI6cQ=s0-d-e1-ft#https:\/\/iesbolivar-cba.infd.edu.ar\/aula\/archivos\/repositorio\/\/1250\/1426\/alejandracastillo.jpg\" alt=\"\" width=\"698\" height=\"931\" border=\"0\" \/><\/p>\n","protected":false},"excerpt":{"rendered":"<p>El trabajo de investigaci\u00f3n de Alejandra Castillo, estudiante del Profesorado de Historia del IES Sim\u00f3n Bol\u00edvar, con el cual obtuvo el primer premio en las Olimp\u00edada de Historia de C\u00f3rdoba 2017, fue publicado por la Direcci\u00f3n General de Programas Especiales del Ministerio de Educaci\u00f3n de la Provincia de C\u00f3rdoba. Recordemos que Alejandra, con el apoyo &#8230; <a title=\"Se public\u00f3 el trabajo de estudiante de nuestro Instituto premiada en las Olimpiada de Historia de C\u00f3rdoba\" class=\"read-more\" href=\"https:\/\/iesbolivar-cba.infd.edu.ar\/sitio\/se-publico-el-trabajo-de-estudiante-de-nuestro-instituto-premiada-en-las-olimpiada-de-historia-de-cordoba\/\" aria-label=\"More on Se public\u00f3 el trabajo de estudiante de nuestro Instituto premiada en las Olimpiada de Historia de C\u00f3rdoba\">[+]<\/a><\/p>\n","protected":false},"author":3377,"featured_media":0,"comment_status":"open","ping_status":"open","sticky":false,"template":"","format":"standard","meta":[],"categories":[6],"tags":[],"acf":[],"_links":{"self":[{"href":"https:\/\/iesbolivar-cba.infd.edu.ar\/sitio\/wp-json\/wp\/v2\/posts\/1567"}],"collection":[{"href":"https:\/\/iesbolivar-cba.infd.edu.ar\/sitio\/wp-json\/wp\/v2\/posts"}],"about":[{"href":"https:\/\/iesbolivar-cba.infd.edu.ar\/sitio\/wp-json\/wp\/v2\/types\/post"}],"author":[{"embeddable":true,"href":"https:\/\/iesbolivar-cba.infd.edu.ar\/sitio\/wp-json\/wp\/v2\/users\/3377"}],"replies":[{"embeddable":true,"href":"https:\/\/iesbolivar-cba.infd.edu.ar\/sitio\/wp-json\/wp\/v2\/comments?post=1567"}],"version-history":[{"count":1,"href":"https:\/\/iesbolivar-cba.infd.edu.ar\/sitio\/wp-json\/wp\/v2\/posts\/1567\/revisions"}],"predecessor-version":[{"id":1568,"href":"https:\/\/iesbolivar-cba.infd.edu.ar\/sitio\/wp-json\/wp\/v2\/posts\/1567\/revisions\/1568"}],"wp:attachment":[{"href":"https:\/\/iesbolivar-cba.infd.edu.ar\/sitio\/wp-json\/wp\/v2\/media?parent=1567"}],"wp:term":[{"taxonomy":"category","embeddable":true,"href":"https:\/\/iesbolivar-cba.infd.edu.ar\/sitio\/wp-json\/wp\/v2\/categories?post=1567"},{"taxonomy":"post_tag","embeddable":true,"href":"https:\/\/iesbolivar-cba.infd.edu.ar\/sitio\/wp-json\/wp\/v2\/tags?post=1567"}],"curies":[{"name":"wp","href":"https:\/\/api.w.org\/{rel}","templated":true}]}}